{"id":35271,"date":"2025-03-06T11:08:38","date_gmt":"2025-03-06T10:08:38","guid":{"rendered":"https:\/\/prusalab.cz\/?p=35271"},"modified":"2025-03-06T11:08:38","modified_gmt":"2025-03-06T10:08:38","slug":"chytra-kabelka-irma-boduje-v-prestizni-soutezi-if-design-award-2025","status":"publish","type":"post","link":"https:\/\/prusalab.cz\/en\/chytra-kabelka-irma-boduje-v-prestizni-soutezi-if-design-award-2025\/","title":{"rendered":"Chytr\u00e1 kabelka IRMA boduje v presti\u017en\u00ed sout\u011b\u017ei iF DESIGN AWARD 2025!"},"content":{"rendered":"<p class=\"wp-block-paragraph\"><strong>Velk\u00fd \u00fasp\u011bch pro \u010desk\u00fd design a\u00a0PrusaLab \u2013 chytr\u00e1 kabelka IRMA, za jej\u00edm\u017e designem stoj\u00ed Kl\u00e1ra \u0160makalov\u00e1 a\u00a0Jakub Stedina a\u00a0jej\u00ed\u017e v\u00fdvoj prob\u00edhal v\u00a0r\u00e1mci PrusaLab hardware akceler\u00e1toru, z\u00edskala presti\u017en\u00ed ocen\u011bn\u00ed iF\u00a0DESIGN AWARD 2025!<\/strong> Tato inovativn\u00ed kabelka, kter\u00e1 spojuje modern\u00ed technologie s\u00a0elegantn\u00edm zpracov\u00e1n\u00edm, se tak za\u0159adila mezi nejlep\u0161\u00ed designov\u00e9 po\u010diny sv\u011bta.<\/p>\n\n\n\n<figure class=\"wp-block-image aligncenter size-full is-resized\"><img loading=\"lazy\" decoding=\"async\" width=\"792\" height=\"792\" src=\"https:\/\/prusalab.cz\/wp-content\/uploads\/2025\/03\/pinkirmaif.jpg\" alt=\"\" class=\"wp-image-35289\" style=\"width:366px;height:auto\" srcset=\"https:\/\/prusalab.cz\/wp-content\/uploads\/2025\/03\/pinkirmaif.jpg 792w, https:\/\/prusalab.cz\/wp-content\/uploads\/2025\/03\/pinkirmaif-300x300.jpg 300w, https:\/\/prusalab.cz\/wp-content\/uploads\/2025\/03\/pinkirmaif-150x150.jpg 150w, https:\/\/prusalab.cz\/wp-content\/uploads\/2025\/03\/pinkirmaif-768x768.jpg 768w, https:\/\/prusalab.cz\/wp-content\/uploads\/2025\/03\/pinkirmaif-600x600.jpg 600w\" sizes=\"auto, (max-width: 792px) 100vw, 792px\" \/><\/figure>\n\n\n\n<div style=\"height:60px\" aria-hidden=\"true\" class=\"wp-block-spacer\"><\/div>\n\n\n\n<h2 class=\"wp-block-heading\">Co je iF\u00a0DESIGN AWARD?<\/h2>\n\n\n\n<p class=\"wp-block-paragraph\">Toto ocen\u011bn\u00ed pat\u0159\u00ed mezi nejpresti\u017en\u011bj\u0161\u00ed na sv\u011bt\u011b a\u00a0ud\u011bluje se od roku 1954 n\u011bmeckou organizac\u00ed iF\u00a0Design. Ka\u017edoro\u010dn\u011b se do sout\u011b\u017ee hl\u00e1s\u00ed tis\u00edce inovativn\u00edch produkt\u016f z\u00a0cel\u00e9ho sv\u011bta a\u00a0konkurence je obrovsk\u00e1. Letos bylo p\u0159ihl\u00e1\u0161eno t\u00e9m\u011b\u0159 <strong>11\u00a0000 n\u00e1vrh\u016f z\u00a066\u00a0zem\u00ed<\/strong>, p\u0159i\u010dem\u017e hodnot\u00edc\u00ed komise slo\u017een\u00e1 ze 131\u00a0renomovan\u00fdch design\u00e9r\u016f vybrala ty nejlep\u0161\u00ed. Mezi nimi se nyn\u00ed nach\u00e1z\u00ed i\u00a0\u010desk\u00fd projekt IRMA!<\/p>\n\n\n\n<h2 class=\"wp-block-heading\">IRMA v PrusaLabu<\/h2>\n\n\n\n<p class=\"wp-block-paragraph\">V\u00fdvoj chytr\u00e9 kabelky IRMA prob\u00edhal velkou m\u011brou pr\u00e1v\u011b v\u00a0na\u0161em PrusaLab hardware akceler\u00e1toru. D\u00edky p\u0159\u00edstupu k prototypov\u00fdm technologi\u00edm, v\u00fdvojov\u00e9mu t\u00fdmu a\u00a0podpo\u0159e zku\u0161en\u00fdch mentor\u016f mohli Kl\u00e1ra a\u00a0Jakub posunout projekt z\u00a0p\u016fvodn\u00ed ideje a\u017e k\u00a0funk\u010dn\u00edm p\u0159edproduk\u010dn\u00edm kus\u016fm. Po prezentaci na Demo\u00a0Day a\u00a0uveden\u00ed na trh z\u00edskali nav\u00edc n\u011bkolikamilionovou investici od Josefa Pr\u016f\u0161i.<\/p>\n\n\n\n<h2 class=\"wp-block-heading\">Co d\u011bl\u00e1 IRMU tak v\u00fdjime\u010dnou?<\/h2>\n\n\n\n<p class=\"wp-block-paragraph\">IRMA nen\u00ed jen elegantn\u00ed m\u00f3dn\u00ed dopln\u011bk \u2013 poskytuje sv\u00fdm u\u017eivatelk\u00e1m \u0159adu bezpe\u010dnostn\u00edch a\u00a0praktick\u00fdch funkc\u00ed. Disponuje integrovan\u00fdm alarmem, v\u00fdkonn\u00fdm LED osv\u011btlen\u00edm i\u00a0mo\u017enost\u00ed bezdr\u00e1tov\u00e9ho nab\u00edjen\u00ed telefonu, d\u00edky \u010demu\u017e z\u016fstane jej\u00ed majitelka v\u017edy ve spojen\u00ed. Tato jedine\u010dn\u00e1 kombinace modern\u00edho designu a\u00a0inovativn\u00edch technologi\u00ed d\u011bl\u00e1 z\u00a0IRMY skute\u010dn\u011b v\u00fdjime\u010dn\u00fd produkt.<\/p>\n\n\n\n<h2 class=\"wp-block-heading\">Ocen\u011bn\u00ed i\u00a0pro PrusaLab<\/h2>\n\n\n\n<p class=\"wp-block-paragraph\">Fakt, \u017ee se IRMA dostala mezi v\u00edt\u011bze iF\u00a0DESIGN AWARD 2025, potvrzuje, \u017ee <strong>\u010desk\u00fd design a\u00a0inovace maj\u00ed sv\u011btovou \u00farove\u0148<\/strong>. Pro PrusaLab je to dal\u0161\u00edm d\u016fkazem, \u017ee n\u00e1\u0161 <strong>hardware akceler\u00e1tor pom\u00e1h\u00e1 p\u0159etv\u00e1\u0159et skv\u011bl\u00e9 n\u00e1pady ve skute\u010dnost<\/strong>. Kl\u00e1\u0159e a\u00a0Jakubovi srde\u010dn\u011b gratulujeme a\u00a0t\u011b\u0161\u00edme se na dal\u0161\u00ed \u00fasp\u011bchy \u010desk\u00fdch inov\u00e1tor\u016f!<\/p>\n\n\n\n<hr class=\"wp-block-separator has-alpha-channel-opacity\"\/>\n\n\n\n<p class=\"wp-block-paragraph\">Chcete i\u00a0vy rozv\u00edjet sv\u016fj projekt v\u00a0PrusaLabu? P\u0159ihlaste se do na\u0161eho<strong> <strong><a href=\"https:\/\/prusalab.cz\/en\/akcelerator\/\" target=\"_blank\" rel=\"noreferrer noopener\">PrusaLab hardware akceler\u00e1toru<\/a><\/strong><\/strong> a\u00a0dejte sv\u00e9mu n\u00e1padu \u0161anci zaz\u00e1\u0159it!<\/p>\n\n\n\n<p class=\"wp-block-paragraph\">O\u00a0chytr\u00e9 kabelce IRMA jsme napsali \ud83d\udc49\u00a0<strong><a href=\"https:\/\/prusalab.cz\/en\/blog\/irma-po-demo-day-miri-na-trh-chytra-kabelka-s-podporou-prusalabu-a-milionovou-investici-od-josefa-prusi\/\" target=\"_blank\" rel=\"noreferrer noopener\">here<\/a><\/strong> a\u00a0<strong><a href=\"https:\/\/prusalab.cz\/en\/blog\/irma-modularita-styl-a-bezpecnostni-prvky\/\" target=\"_blank\" rel=\"noreferrer noopener\">here<\/a><\/strong>.\u00a0\ud83d\udc48<\/p>","protected":false},"excerpt":{"rendered":"<p>Velk\u00fd \u00fasp\u011bch pro \u010desk\u00fd design a\u00a0PrusaLab \u2013 chytr\u00e1 kabelka IRMA, za jej\u00edm\u017e designem stoj\u00ed Kl\u00e1ra \u0160makalov\u00e1 a\u00a0Jakub Stedina a\u00a0jej\u00ed\u017e v\u00fdvoj prob\u00edhal v\u00a0r\u00e1mci PrusaLab hardware akceler\u00e1toru, z\u00edskala presti\u017en\u00ed ocen\u011bn\u00ed iF\u00a0DESIGN AWARD 2025! Tato inovativn\u00ed kabelka, kter\u00e1 spojuje modern\u00ed technologie s\u00a0elegantn\u00edm zpracov\u00e1n\u00edm, se tak za\u0159adila mezi nejlep\u0161\u00ed designov\u00e9 po\u010diny sv\u011bta.<\/p>","protected":false},"author":1,"featured_media":36744,"comment_status":"closed","ping_status":"closed","sticky":false,"template":"","format":"standard","meta":{"footnotes":""},"categories":[75,86],"tags":[],"class_list":["post-35271","post","type-post","status-publish","format-standard","has-post-thumbnail","hentry","category-akcelerator","category-novinky"],"yoast_head":"<!-- This site is optimized with the Yoast SEO plugin v28.3 - https:\/\/yoast.com\/product\/yoast-seo-wordpress\/ -->\n<title>Chytr\u00e1 kabelka IRMA boduje v presti\u017en\u00ed sout\u011b\u017ei iF DESIGN AWARD 2025! - PrusaLab<\/title>\n<meta name=\"description\" content=\"Velk\u00fd \u00fasp\u011bch pro \u010desk\u00fd design a\u00a0PrusaLab \u2013 chytr\u00e1 kabelka IRMA, za jej\u00edm\u017e designem stoj\u00ed Kl\u00e1ra \u0160makalov\u00e1 a\u00a0Jakub Stedina a\u00a0jej\u00ed\u017e v\u00fdvoj prob\u00edhal v\u00a0r\u00e1mci PrusaLab hardware akceler\u00e1toru, z\u00edskala presti\u017en\u00ed ocen\u011bn\u00ed iF\u00a0DESIGN AWARD 2025! Tato inovativn\u00ed kabelka, kter\u00e1 spojuje modern\u00ed technologie s\u00a0elegantn\u00edm zpracov\u00e1n\u00edm, se tak za\u0159adila mezi nejlep\u0161\u00ed designov\u00e9 po\u010diny sv\u011bta.\" \/>\n<meta name=\"robots\" content=\"index, follow, max-snippet:-1, max-image-preview:large, max-video-preview:-1\" \/>\n<link rel=\"canonical\" href=\"https:\/\/prusalab.cz\/en\/chytra-kabelka-irma-boduje-v-prestizni-soutezi-if-design-award-2025\/\" \/>\n<meta property=\"og:locale\" content=\"en_GB\" \/>\n<meta property=\"og:type\" content=\"article\" \/>\n<meta property=\"og:title\" content=\"Chytr\u00e1 kabelka IRMA boduje v presti\u017en\u00ed sout\u011b\u017ei iF DESIGN AWARD 2025! - PrusaLab\" \/>\n<meta property=\"og:description\" content=\"Velk\u00fd \u00fasp\u011bch pro \u010desk\u00fd design a\u00a0PrusaLab \u2013 chytr\u00e1 kabelka IRMA, za jej\u00edm\u017e designem stoj\u00ed Kl\u00e1ra \u0160makalov\u00e1 a\u00a0Jakub Stedina a\u00a0jej\u00ed\u017e v\u00fdvoj prob\u00edhal v\u00a0r\u00e1mci PrusaLab hardware akceler\u00e1toru, z\u00edskala presti\u017en\u00ed ocen\u011bn\u00ed iF\u00a0DESIGN AWARD 2025! Tato inovativn\u00ed kabelka, kter\u00e1 spojuje modern\u00ed technologie s\u00a0elegantn\u00edm zpracov\u00e1n\u00edm, se tak za\u0159adila mezi nejlep\u0161\u00ed designov\u00e9 po\u010diny sv\u011bta.\" \/>\n<meta property=\"og:url\" content=\"https:\/\/prusalab.cz\/en\/chytra-kabelka-irma-boduje-v-prestizni-soutezi-if-design-award-2025\/\" \/>\n<meta property=\"og:site_name\" content=\"PrusaLab\" \/>\n<meta property=\"article:publisher\" content=\"https:\/\/www.facebook.com\/PrusaLab\" \/>\n<meta property=\"article:published_time\" content=\"2025-03-06T10:08:38+00:00\" \/>\n<meta property=\"og:image\" content=\"https:\/\/prusalab.cz\/wp-content\/uploads\/2025\/03\/IF-IRMA-Silver-e1741255619853-1.jpg\" \/>\n\t<meta property=\"og:image:width\" content=\"1920\" \/>\n\t<meta property=\"og:image:height\" content=\"832\" \/>\n\t<meta property=\"og:image:type\" content=\"image\/jpeg\" \/>\n<meta name=\"author\" content=\"admin\" \/>\n<meta name=\"twitter:card\" content=\"summary_large_image\" \/>\n<meta name=\"twitter:label1\" content=\"Written by\" \/>\n\t<meta name=\"twitter:data1\" content=\"admin\" \/>\n\t<meta name=\"twitter:label2\" content=\"Est. reading time\" \/>\n\t<meta name=\"twitter:data2\" content=\"2 minutes\" \/>\n<script type=\"application\/ld+json\" class=\"yoast-schema-graph\">{\"@context\":\"https:\\\/\\\/schema.org\",\"@graph\":[{\"@type\":\"Article\",\"@id\":\"https:\\\/\\\/prusalab.cz\\\/chytra-kabelka-irma-boduje-v-prestizni-soutezi-if-design-award-2025\\\/#article\",\"isPartOf\":{\"@id\":\"https:\\\/\\\/prusalab.cz\\\/chytra-kabelka-irma-boduje-v-prestizni-soutezi-if-design-award-2025\\\/\"},\"author\":{\"name\":\"admin\",\"@id\":\"https:\\\/\\\/prusalab.cz\\\/#\\\/schema\\\/person\\\/8ce07076a3fd999af15269abad8e738e\"},\"headline\":\"Chytr\u00e1 kabelka IRMA boduje v presti\u017en\u00ed sout\u011b\u017ei iF DESIGN AWARD 2025!\",\"datePublished\":\"2025-03-06T10:08:38+00:00\",\"mainEntityOfPage\":{\"@id\":\"https:\\\/\\\/prusalab.cz\\\/chytra-kabelka-irma-boduje-v-prestizni-soutezi-if-design-award-2025\\\/\"},\"wordCount\":443,\"publisher\":{\"@id\":\"https:\\\/\\\/prusalab.cz\\\/#organization\"},\"image\":{\"@id\":\"https:\\\/\\\/prusalab.cz\\\/chytra-kabelka-irma-boduje-v-prestizni-soutezi-if-design-award-2025\\\/#primaryimage\"},\"thumbnailUrl\":\"https:\\\/\\\/prusalab.cz\\\/wp-content\\\/uploads\\\/2025\\\/03\\\/IF-IRMA-Silver-e1741255619853-1.jpg\",\"articleSection\":[\"Akceler\u00e1tor\",\"Novinky\"],\"inLanguage\":\"en-GB\"},{\"@type\":\"WebPage\",\"@id\":\"https:\\\/\\\/prusalab.cz\\\/chytra-kabelka-irma-boduje-v-prestizni-soutezi-if-design-award-2025\\\/\",\"url\":\"https:\\\/\\\/prusalab.cz\\\/chytra-kabelka-irma-boduje-v-prestizni-soutezi-if-design-award-2025\\\/\",\"name\":\"Chytr\u00e1 kabelka IRMA boduje v presti\u017en\u00ed sout\u011b\u017ei iF DESIGN AWARD 2025! - PrusaLab\",\"isPartOf\":{\"@id\":\"https:\\\/\\\/prusalab.cz\\\/#website\"},\"primaryImageOfPage\":{\"@id\":\"https:\\\/\\\/prusalab.cz\\\/chytra-kabelka-irma-boduje-v-prestizni-soutezi-if-design-award-2025\\\/#primaryimage\"},\"image\":{\"@id\":\"https:\\\/\\\/prusalab.cz\\\/chytra-kabelka-irma-boduje-v-prestizni-soutezi-if-design-award-2025\\\/#primaryimage\"},\"thumbnailUrl\":\"https:\\\/\\\/prusalab.cz\\\/wp-content\\\/uploads\\\/2025\\\/03\\\/IF-IRMA-Silver-e1741255619853-1.jpg\",\"datePublished\":\"2025-03-06T10:08:38+00:00\",\"description\":\"Velk\u00fd \u00fasp\u011bch pro \u010desk\u00fd design a\u00a0PrusaLab \u2013 chytr\u00e1 kabelka IRMA, za jej\u00edm\u017e designem stoj\u00ed Kl\u00e1ra \u0160makalov\u00e1 a\u00a0Jakub Stedina a\u00a0jej\u00ed\u017e v\u00fdvoj prob\u00edhal v\u00a0r\u00e1mci PrusaLab hardware akceler\u00e1toru, z\u00edskala presti\u017en\u00ed ocen\u011bn\u00ed iF\u00a0DESIGN AWARD 2025! Tato inovativn\u00ed kabelka, kter\u00e1 spojuje modern\u00ed technologie s\u00a0elegantn\u00edm zpracov\u00e1n\u00edm, se tak za\u0159adila mezi nejlep\u0161\u00ed designov\u00e9 po\u010diny sv\u011bta.\",\"breadcrumb\":{\"@id\":\"https:\\\/\\\/prusalab.cz\\\/chytra-kabelka-irma-boduje-v-prestizni-soutezi-if-design-award-2025\\\/#breadcrumb\"},\"inLanguage\":\"en-GB\",\"potentialAction\":[{\"@type\":\"ReadAction\",\"target\":[\"https:\\\/\\\/prusalab.cz\\\/chytra-kabelka-irma-boduje-v-prestizni-soutezi-if-design-award-2025\\\/\"]}]},{\"@type\":\"ImageObject\",\"inLanguage\":\"en-GB\",\"@id\":\"https:\\\/\\\/prusalab.cz\\\/chytra-kabelka-irma-boduje-v-prestizni-soutezi-if-design-award-2025\\\/#primaryimage\",\"url\":\"https:\\\/\\\/prusalab.cz\\\/wp-content\\\/uploads\\\/2025\\\/03\\\/IF-IRMA-Silver-e1741255619853-1.jpg\",\"contentUrl\":\"https:\\\/\\\/prusalab.cz\\\/wp-content\\\/uploads\\\/2025\\\/03\\\/IF-IRMA-Silver-e1741255619853-1.jpg\",\"width\":1920,\"height\":832,\"caption\":\"Chytr\u00e1 kabelka IRMA \u2013 v\u00fdherce iF DESIGN AWARD 2025\"},{\"@type\":\"BreadcrumbList\",\"@id\":\"https:\\\/\\\/prusalab.cz\\\/chytra-kabelka-irma-boduje-v-prestizni-soutezi-if-design-award-2025\\\/#breadcrumb\",\"itemListElement\":[{\"@type\":\"ListItem\",\"position\":1,\"name\":\"Dom\u016f\",\"item\":\"https:\\\/\\\/prusalab.cz\\\/\"},{\"@type\":\"ListItem\",\"position\":2,\"name\":\"Chytr\u00e1 kabelka IRMA boduje v presti\u017en\u00ed sout\u011b\u017ei iF DESIGN AWARD 2025!\"}]},{\"@type\":\"WebSite\",\"@id\":\"https:\\\/\\\/prusalab.cz\\\/#website\",\"url\":\"https:\\\/\\\/prusalab.cz\\\/\",\"name\":\"PrusaLab\",\"description\":\"Hi-tech prototypov\u00e1 d\u00edlna v pra\u017esk\u00fdch Hole\u0161ovic\u00edch\",\"publisher\":{\"@id\":\"https:\\\/\\\/prusalab.cz\\\/#organization\"},\"potentialAction\":[{\"@type\":\"SearchAction\",\"target\":{\"@type\":\"EntryPoint\",\"urlTemplate\":\"https:\\\/\\\/prusalab.cz\\\/?s={search_term_string}\"},\"query-input\":{\"@type\":\"PropertyValueSpecification\",\"valueRequired\":true,\"valueName\":\"search_term_string\"}}],\"inLanguage\":\"en-GB\"},{\"@type\":\"Organization\",\"@id\":\"https:\\\/\\\/prusalab.cz\\\/#organization\",\"name\":\"PrusaLab\",\"url\":\"https:\\\/\\\/prusalab.cz\\\/\",\"logo\":{\"@type\":\"ImageObject\",\"inLanguage\":\"en-GB\",\"@id\":\"https:\\\/\\\/prusalab.cz\\\/#\\\/schema\\\/logo\\\/image\\\/\",\"url\":\"https:\\\/\\\/prusalab.cz\\\/wp-content\\\/uploads\\\/2026\\\/02\\\/logo-1.svg\",\"contentUrl\":\"https:\\\/\\\/prusalab.cz\\\/wp-content\\\/uploads\\\/2026\\\/02\\\/logo-1.svg\",\"width\":1116,\"height\":187,\"caption\":\"PrusaLab\"},\"image\":{\"@id\":\"https:\\\/\\\/prusalab.cz\\\/#\\\/schema\\\/logo\\\/image\\\/\"},\"sameAs\":[\"https:\\\/\\\/www.facebook.com\\\/PrusaLab\",\"https:\\\/\\\/www.instagram.com\\\/prusalab\",\"https:\\\/\\\/www.youtube.com\\\/@PrusaLab\"]},{\"@type\":\"Person\",\"@id\":\"https:\\\/\\\/prusalab.cz\\\/#\\\/schema\\\/person\\\/8ce07076a3fd999af15269abad8e738e\",\"name\":\"admin\",\"image\":{\"@type\":\"ImageObject\",\"inLanguage\":\"en-GB\",\"@id\":\"https:\\\/\\\/secure.gravatar.com\\\/avatar\\\/3a21ed637fec367b08a32ea051a22acfc0c074b7d724abf5ad0bc4b49657b9f8?s=96&d=mm&r=g\",\"url\":\"https:\\\/\\\/secure.gravatar.com\\\/avatar\\\/3a21ed637fec367b08a32ea051a22acfc0c074b7d724abf5ad0bc4b49657b9f8?s=96&d=mm&r=g\",\"contentUrl\":\"https:\\\/\\\/secure.gravatar.com\\\/avatar\\\/3a21ed637fec367b08a32ea051a22acfc0c074b7d724abf5ad0bc4b49657b9f8?s=96&d=mm&r=g\",\"caption\":\"admin\"},\"sameAs\":[\"https:\\\/\\\/prusalab.cz\"],\"url\":\"https:\\\/\\\/prusalab.cz\\\/en\\\/author\\\/admin\\\/\"}]}<\/script>\n<!-- \/ Yoast SEO plugin. -->","yoast_head_json":{"title":"Chytr\u00e1 kabelka IRMA boduje v presti\u017en\u00ed sout\u011b\u017ei iF DESIGN AWARD 2025! - PrusaLab","description":"Velk\u00fd \u00fasp\u011bch pro \u010desk\u00fd design a\u00a0PrusaLab \u2013 chytr\u00e1 kabelka IRMA, za jej\u00edm\u017e designem stoj\u00ed Kl\u00e1ra \u0160makalov\u00e1 a\u00a0Jakub Stedina a\u00a0jej\u00ed\u017e v\u00fdvoj prob\u00edhal v\u00a0r\u00e1mci PrusaLab hardware akceler\u00e1toru, z\u00edskala presti\u017en\u00ed ocen\u011bn\u00ed iF\u00a0DESIGN AWARD 2025! Tato inovativn\u00ed kabelka, kter\u00e1 spojuje modern\u00ed technologie s\u00a0elegantn\u00edm zpracov\u00e1n\u00edm, se tak za\u0159adila mezi nejlep\u0161\u00ed designov\u00e9 po\u010diny sv\u011bta.","robots":{"index":"index","follow":"follow","max-snippet":"max-snippet:-1","max-image-preview":"max-image-preview:large","max-video-preview":"max-video-preview:-1"},"canonical":"https:\/\/prusalab.cz\/en\/chytra-kabelka-irma-boduje-v-prestizni-soutezi-if-design-award-2025\/","og_locale":"en_GB","og_type":"article","og_title":"Chytr\u00e1 kabelka IRMA boduje v presti\u017en\u00ed sout\u011b\u017ei iF DESIGN AWARD 2025! - PrusaLab","og_description":"Velk\u00fd \u00fasp\u011bch pro \u010desk\u00fd design a\u00a0PrusaLab \u2013 chytr\u00e1 kabelka IRMA, za jej\u00edm\u017e designem stoj\u00ed Kl\u00e1ra \u0160makalov\u00e1 a\u00a0Jakub Stedina a\u00a0jej\u00ed\u017e v\u00fdvoj prob\u00edhal v\u00a0r\u00e1mci PrusaLab hardware akceler\u00e1toru, z\u00edskala presti\u017en\u00ed ocen\u011bn\u00ed iF\u00a0DESIGN AWARD 2025! Tato inovativn\u00ed kabelka, kter\u00e1 spojuje modern\u00ed technologie s\u00a0elegantn\u00edm zpracov\u00e1n\u00edm, se tak za\u0159adila mezi nejlep\u0161\u00ed designov\u00e9 po\u010diny sv\u011bta.","og_url":"https:\/\/prusalab.cz\/en\/chytra-kabelka-irma-boduje-v-prestizni-soutezi-if-design-award-2025\/","og_site_name":"PrusaLab","article_publisher":"https:\/\/www.facebook.com\/PrusaLab","article_published_time":"2025-03-06T10:08:38+00:00","og_image":[{"width":1920,"height":832,"url":"https:\/\/prusalab.cz\/wp-content\/uploads\/2025\/03\/IF-IRMA-Silver-e1741255619853-1.jpg","type":"image\/jpeg"}],"author":"admin","twitter_card":"summary_large_image","twitter_misc":{"Written by":"admin","Est. reading time":"2 minutes"},"schema":{"@context":"https:\/\/schema.org","@graph":[{"@type":"Article","@id":"https:\/\/prusalab.cz\/chytra-kabelka-irma-boduje-v-prestizni-soutezi-if-design-award-2025\/#article","isPartOf":{"@id":"https:\/\/prusalab.cz\/chytra-kabelka-irma-boduje-v-prestizni-soutezi-if-design-award-2025\/"},"author":{"name":"admin","@id":"https:\/\/prusalab.cz\/#\/schema\/person\/8ce07076a3fd999af15269abad8e738e"},"headline":"Chytr\u00e1 kabelka IRMA boduje v presti\u017en\u00ed sout\u011b\u017ei iF DESIGN AWARD 2025!","datePublished":"2025-03-06T10:08:38+00:00","mainEntityOfPage":{"@id":"https:\/\/prusalab.cz\/chytra-kabelka-irma-boduje-v-prestizni-soutezi-if-design-award-2025\/"},"wordCount":443,"publisher":{"@id":"https:\/\/prusalab.cz\/#organization"},"image":{"@id":"https:\/\/prusalab.cz\/chytra-kabelka-irma-boduje-v-prestizni-soutezi-if-design-award-2025\/#primaryimage"},"thumbnailUrl":"https:\/\/prusalab.cz\/wp-content\/uploads\/2025\/03\/IF-IRMA-Silver-e1741255619853-1.jpg","articleSection":["Akceler\u00e1tor","Novinky"],"inLanguage":"en-GB"},{"@type":"WebPage","@id":"https:\/\/prusalab.cz\/chytra-kabelka-irma-boduje-v-prestizni-soutezi-if-design-award-2025\/","url":"https:\/\/prusalab.cz\/chytra-kabelka-irma-boduje-v-prestizni-soutezi-if-design-award-2025\/","name":"Chytr\u00e1 kabelka IRMA boduje v presti\u017en\u00ed sout\u011b\u017ei iF DESIGN AWARD 2025! - PrusaLab","isPartOf":{"@id":"https:\/\/prusalab.cz\/#website"},"primaryImageOfPage":{"@id":"https:\/\/prusalab.cz\/chytra-kabelka-irma-boduje-v-prestizni-soutezi-if-design-award-2025\/#primaryimage"},"image":{"@id":"https:\/\/prusalab.cz\/chytra-kabelka-irma-boduje-v-prestizni-soutezi-if-design-award-2025\/#primaryimage"},"thumbnailUrl":"https:\/\/prusalab.cz\/wp-content\/uploads\/2025\/03\/IF-IRMA-Silver-e1741255619853-1.jpg","datePublished":"2025-03-06T10:08:38+00:00","description":"Velk\u00fd \u00fasp\u011bch pro \u010desk\u00fd design a\u00a0PrusaLab \u2013 chytr\u00e1 kabelka IRMA, za jej\u00edm\u017e designem stoj\u00ed Kl\u00e1ra \u0160makalov\u00e1 a\u00a0Jakub Stedina a\u00a0jej\u00ed\u017e v\u00fdvoj prob\u00edhal v\u00a0r\u00e1mci PrusaLab hardware akceler\u00e1toru, z\u00edskala presti\u017en\u00ed ocen\u011bn\u00ed iF\u00a0DESIGN AWARD 2025! Tato inovativn\u00ed kabelka, kter\u00e1 spojuje modern\u00ed technologie s\u00a0elegantn\u00edm zpracov\u00e1n\u00edm, se tak za\u0159adila mezi nejlep\u0161\u00ed designov\u00e9 po\u010diny sv\u011bta.","breadcrumb":{"@id":"https:\/\/prusalab.cz\/chytra-kabelka-irma-boduje-v-prestizni-soutezi-if-design-award-2025\/#breadcrumb"},"inLanguage":"en-GB","potentialAction":[{"@type":"ReadAction","target":["https:\/\/prusalab.cz\/chytra-kabelka-irma-boduje-v-prestizni-soutezi-if-design-award-2025\/"]}]},{"@type":"ImageObject","inLanguage":"en-GB","@id":"https:\/\/prusalab.cz\/chytra-kabelka-irma-boduje-v-prestizni-soutezi-if-design-award-2025\/#primaryimage","url":"https:\/\/prusalab.cz\/wp-content\/uploads\/2025\/03\/IF-IRMA-Silver-e1741255619853-1.jpg","contentUrl":"https:\/\/prusalab.cz\/wp-content\/uploads\/2025\/03\/IF-IRMA-Silver-e1741255619853-1.jpg","width":1920,"height":832,"caption":"Chytr\u00e1 kabelka IRMA \u2013 v\u00fdherce iF DESIGN AWARD 2025"},{"@type":"BreadcrumbList","@id":"https:\/\/prusalab.cz\/chytra-kabelka-irma-boduje-v-prestizni-soutezi-if-design-award-2025\/#breadcrumb","itemListElement":[{"@type":"ListItem","position":1,"name":"Dom\u016f","item":"https:\/\/prusalab.cz\/"},{"@type":"ListItem","position":2,"name":"Chytr\u00e1 kabelka IRMA boduje v presti\u017en\u00ed sout\u011b\u017ei iF DESIGN AWARD 2025!"}]},{"@type":"WebSite","@id":"https:\/\/prusalab.cz\/#website","url":"https:\/\/prusalab.cz\/","name":"PrusaLab","description":"High-tech prototype workshop in Prague's Hole\u0161ovice","publisher":{"@id":"https:\/\/prusalab.cz\/#organization"},"potentialAction":[{"@type":"SearchAction","target":{"@type":"EntryPoint","urlTemplate":"https:\/\/prusalab.cz\/?s={search_term_string}"},"query-input":{"@type":"PropertyValueSpecification","valueRequired":true,"valueName":"search_term_string"}}],"inLanguage":"en-GB"},{"@type":"Organization","@id":"https:\/\/prusalab.cz\/#organization","name":"PrusaLab","url":"https:\/\/prusalab.cz\/","logo":{"@type":"ImageObject","inLanguage":"en-GB","@id":"https:\/\/prusalab.cz\/#\/schema\/logo\/image\/","url":"https:\/\/prusalab.cz\/wp-content\/uploads\/2026\/02\/logo-1.svg","contentUrl":"https:\/\/prusalab.cz\/wp-content\/uploads\/2026\/02\/logo-1.svg","width":1116,"height":187,"caption":"PrusaLab"},"image":{"@id":"https:\/\/prusalab.cz\/#\/schema\/logo\/image\/"},"sameAs":["https:\/\/www.facebook.com\/PrusaLab","https:\/\/www.instagram.com\/prusalab","https:\/\/www.youtube.com\/@PrusaLab"]},{"@type":"Person","@id":"https:\/\/prusalab.cz\/#\/schema\/person\/8ce07076a3fd999af15269abad8e738e","name":"administrator","image":{"@type":"ImageObject","inLanguage":"en-GB","@id":"https:\/\/secure.gravatar.com\/avatar\/3a21ed637fec367b08a32ea051a22acfc0c074b7d724abf5ad0bc4b49657b9f8?s=96&d=mm&r=g","url":"https:\/\/secure.gravatar.com\/avatar\/3a21ed637fec367b08a32ea051a22acfc0c074b7d724abf5ad0bc4b49657b9f8?s=96&d=mm&r=g","contentUrl":"https:\/\/secure.gravatar.com\/avatar\/3a21ed637fec367b08a32ea051a22acfc0c074b7d724abf5ad0bc4b49657b9f8?s=96&d=mm&r=g","caption":"admin"},"sameAs":["https:\/\/prusalab.cz"],"url":"https:\/\/prusalab.cz\/en\/author\/admin\/"}]}},"_links":{"self":[{"href":"https:\/\/prusalab.cz\/en\/wp-json\/wp\/v2\/posts\/35271","targetHints":{"allow":["GET"]}}],"collection":[{"href":"https:\/\/prusalab.cz\/en\/wp-json\/wp\/v2\/posts"}],"about":[{"href":"https:\/\/prusalab.cz\/en\/wp-json\/wp\/v2\/types\/post"}],"author":[{"embeddable":true,"href":"https:\/\/prusalab.cz\/en\/wp-json\/wp\/v2\/users\/1"}],"replies":[{"embeddable":true,"href":"https:\/\/prusalab.cz\/en\/wp-json\/wp\/v2\/comments?post=35271"}],"version-history":[{"count":0,"href":"https:\/\/prusalab.cz\/en\/wp-json\/wp\/v2\/posts\/35271\/revisions"}],"wp:featuredmedia":[{"embeddable":true,"href":"https:\/\/prusalab.cz\/en\/wp-json\/wp\/v2\/media\/36744"}],"wp:attachment":[{"href":"https:\/\/prusalab.cz\/en\/wp-json\/wp\/v2\/media?parent=35271"}],"wp:term":[{"taxonomy":"category","embeddable":true,"href":"https:\/\/prusalab.cz\/en\/wp-json\/wp\/v2\/categories?post=35271"},{"taxonomy":"post_tag","embeddable":true,"href":"https:\/\/prusalab.cz\/en\/wp-json\/wp\/v2\/tags?post=35271"}],"curies":[{"name":"wp","href":"https:\/\/api.w.org\/{rel}","templated":true}]}}