{"id":35221,"date":"2025-02-25T12:28:00","date_gmt":"2025-02-25T11:28:00","guid":{"rendered":"https:\/\/prusalab.cz\/?p=35221"},"modified":"2025-02-25T12:28:00","modified_gmt":"2025-02-25T11:28:00","slug":"spousta-informaci-ve-spravnou-chvili-akcelerator-ocima-klary-smakalove-irma","status":"publish","type":"post","link":"https:\/\/prusalab.cz\/en\/spousta-informaci-ve-spravnou-chvili-akcelerator-ocima-klary-smakalove-irma\/","title":{"rendered":"Spousta informac\u00ed ve spr\u00e1vnou chv\u00edli: Akceler\u00e1tor o\u010dima Kl\u00e1ry \u0160makalov\u00e9 (IRMA)"},"content":{"rendered":"<p class=\"wp-block-paragraph\">V\u00a0nov\u00e9m videu jsme se zeptali na osobn\u00ed zku\u0161enost <strong><a href=\"https:\/\/www.linkedin.com\/in\/klarasmakalova\/\" target=\"_blank\" rel=\"noreferrer noopener\">Kl\u00e1ry \u0160makalov\u00e9<\/a><\/strong> s\u00a0v\u00fdvojem chytr\u00e9 kabelky <strong><a href=\"https:\/\/www.irmagard.com\/\" target=\"_blank\" rel=\"noreferrer noopener\">IRMA<\/a><\/strong> v\u00a0r\u00e1mci <strong>PrusaLab hardware akceler\u00e1toru<\/strong>. Jak ona a\u00a0<strong><a href=\"https:\/\/www.linkedin.com\/in\/jakubstedina\/\" target=\"_blank\" rel=\"noreferrer noopener\">Jakub Stedina<\/a><\/strong> pro\u017e\u00edvali akceleraci v\u00a0PrusaLabu? Co jim to p\u0159ineslo a\u00a0jak se jejich projekt za tu dobu posunul? Pod\u00edvejte se na video a\u00a0zjist\u011bte, jak\u00e9 kl\u00ed\u010dov\u00e9 momenty rozhodly o\u00a0jejich \u00fasp\u011bchu.<\/p>\n\n\n\n<figure class=\"wp-block-embed is-type-video is-provider-youtube wp-block-embed-youtube wp-embed-aspect-16-9 wp-has-aspect-ratio\"><div class=\"wp-block-embed__wrapper\">\n<iframe loading=\"lazy\" title=\"Jak\u00fd byl PrusaLab hardware akceler\u00e1tor pohledem Kl\u00e1ry \u0160makalov\u00e9 (IRMA)\" width=\"500\" height=\"281\" src=\"https:\/\/www.youtube.com\/embed\/TpXPn7Fkizs?feature=oembed\" frameborder=\"0\" allow=\"accelerometer; autoplay; clipboard-write; encrypted-media; gyroscope; picture-in-picture; web-share\" referrerpolicy=\"strict-origin-when-cross-origin\" allowfullscreen><\/iframe>\n<\/div><\/figure>\n\n\n\n<div style=\"height:60px\" aria-hidden=\"true\" class=\"wp-block-spacer\"><\/div>\n\n\n\n<h2 class=\"wp-block-heading\">Spr\u00e1vn\u00e9 m\u00edsto, spr\u00e1vn\u00fd \u010das<\/h2>\n\n\n\n<p class=\"wp-block-paragraph\">Akceler\u00e1tor jim p\u0159i\u0161el do cesty v\u00a0prav\u00fd \u010das \u2013\u00a0pr\u00e1v\u011b ve chv\u00edli, kdy st\u00e1li p\u0159ed d\u016fle\u017eit\u00fdmi rozhodnut\u00edmi o\u00a0v\u00fdvoji sv\u00e9ho produktu a\u00a0nev\u011bd\u011bli, kde za\u010d\u00edt. Kdy\u017e se zapojili do <strong>PrusaLab hardware akceler\u00e1toru<\/strong>, z\u00edskali podporu zku\u0161en\u00e9ho v\u00fdvojov\u00e9ho t\u00fdmu, p\u0159\u00edstup k\u00a0pestr\u00e9 \u0161k\u00e1le v\u00fdrobn\u00edch technologi\u00ed, z\u00e1zem\u00ed pro testov\u00e1n\u00ed a\u00a0vylep\u0161ov\u00e1n\u00ed n\u00e1vrh\u016f, ale tak\u00e9 veden\u00ed zku\u0161en\u00fdch mentor\u016f a\u00a0odborn\u00edk\u016f na marketing, logistiku, finan\u010dn\u00ed pl\u00e1nov\u00e1n\u00ed a\u00a0\u0161k\u00e1lov\u00e1n\u00ed v\u00fdroby a\u00a0dal\u0161\u00ed.<\/p>\n\n\n\n\n\n\n<div class=\"gb-headline gb-headline-d832ca56\"><span class=\"gb-icon\"><svg aria-hidden=\"true\" height=\"1em\" width=\"1em\" viewbox=\"0 0 448 512\" xmlns=\"http:\/\/www.w3.org\/2000\/svg\"><path fill=\"currentColor\" d=\"M96 224C84.72 224 74.05 226.3 64 229.9V224c0-35.3 28.7-64 64-64c17.67 0 32-14.33 32-32S145.7 96 128 96C57.42 96 0 153.4 0 224v96c0 53.02 42.98 96 96 96s96-42.98 96-96S149 224 96 224zM352 224c-11.28 0-21.95 2.305-32 5.879V224c0-35.3 28.7-64 64-64c17.67 0 32-14.33 32-32s-14.33-32-32-32c-70.58 0-128 57.42-128 128v96c0 53.02 42.98 96 96 96s96-42.98 96-96S405 224 352 224z\"><\/path><\/svg><\/span><span class=\"gb-headline-text\"><em>\u201eKdy\u017e si to \u010dlov\u011bk zp\u011btn\u011b projde, tak to bylo spoustu informac\u00ed, kter\u00fd jsme dostali ve spr\u00e1vnou chv\u00edli a\u00a0dost koncentrovan\u011b a\u00a0sami bysme se k\u00a0nim dost\u00e1vali v\u00fdrazn\u011b pomaleji,\u201c<\/em> \u0159\u00edk\u00e1 Kl\u00e1ra \u0160makalov\u00e1.<\/span><\/div>\n\n\n\n\n\n\n<h2 class=\"wp-block-heading\">3D\u00a0tisk? Nakonec vedlej\u0161\u00ed role<\/h2>\n\n\n\n<p class=\"wp-block-paragraph\">P\u016fvodn\u011b si mysleli, \u017ee kl\u00ed\u010dovou technologi\u00ed bude <strong>3D tisk<\/strong>. I\u00a0kdy\u017e ho k\u00a0rychl\u00e9mu prototypov\u00e1n\u00ed hojn\u011b vyu\u017e\u00edvali, nakonec se uk\u00e1zalo, \u017ee nejv\u011bt\u0161\u00ed v\u00fdzvou bylo spr\u00e1vn\u00e9 propojen\u00ed <strong>elektronick\u00fdch<\/strong> sou\u010d\u00e1stek s\u00a0<strong>konstruk\u010dn\u00edmu prvky<\/strong> kabelky, co\u017e pro v\u0161estrann\u011b poskl\u00e1dan\u00fd v\u00fdvojov\u00fd t\u00fdm nebyl probl\u00e9m.<\/p>\n\n\n\n<h2 class=\"wp-block-heading\">Mentoring a\u00a0podnik\u00e1n\u00ed<\/h2>\n\n\n\n<p class=\"wp-block-paragraph\">Jako jednu z\u00a0nejv\u011bt\u0161\u00edch v\u00fdhod akcelerace vzpom\u00edn\u00e1 Kl\u00e1ra <strong>mentoring<\/strong>. D\u00edky n\u011bmu pochopili, \u017ee oblasti jako <strong>finan\u010dn\u00ed pl\u00e1nov\u00e1n\u00ed<\/strong> nebo <strong>logistika<\/strong> je dobr\u00e9 \u0159e\u0161it d\u0159\u00edve, ne\u017e je k\u00a0tomu vyzvou okolnosti. Nap\u0159\u00edklad kontakt s\u00a0<strong>DHL<\/strong> jim uk\u00e1zal, \u017ee vyvinout produkt nesta\u010d\u00ed \u2013\u00a0stejn\u011b d\u016fle\u017eit\u00e9 je m\u00edt i\u00a0promy\u0161len\u00fd pl\u00e1n, jak ho dostat k\u00a0z\u00e1kazn\u00edk\u016fm.<\/p>\n\n\n\n<p class=\"wp-block-paragraph\">Projekt IRMA ukazuje, \u017ee s\u00a0dobr\u00fdm n\u00e1padem, zku\u0161en\u00fdm t\u00fdmem a\u00a0spr\u00e1vnou podporou lze <strong>v\u00fdvoj v\u00fdrazn\u011b urychlit <\/strong>a<strong>\u00a0efektivn\u011bji p\u0159ekonat kl\u00ed\u010dov\u00e9 v\u00fdzvy<\/strong>. Pr\u00e1v\u011b rychlost uveden\u00ed produktu na trh \u010dasto rozhoduje o\u00a0jeho \u00fasp\u011bchu a\u00a0PrusaLab hardware akceler\u00e1tor pom\u00e1h\u00e1 startup\u016fm tento proces zvl\u00e1dnout. Jsme hrd\u00ed, \u017ee jsme mohli b\u00fdt sou\u010d\u00e1st\u00ed v\u00fdvoje kabelky IRMA, a\u00a0t\u011b\u0161\u00edme se na dal\u0161\u00ed skv\u011bl\u00e9 projekty, kter\u00e9 zde podpo\u0159\u00edme.<\/p>\n\n\n\n<p class=\"wp-block-paragraph\">O\u00a0chytr\u00e9 kabelce IRMA jsme napsali \ud83d\udc49\u00a0<strong><a href=\"https:\/\/prusalab.cz\/en\/blog\/irma-po-demo-day-miri-na-trh-chytra-kabelka-s-podporou-prusalabu-a-milionovou-investici-od-josefa-prusi\/\" target=\"_blank\" rel=\"noreferrer noopener\">here<\/a><\/strong> a\u00a0<strong><a href=\"https:\/\/prusalab.cz\/en\/blog\/irma-modularita-styl-a-bezpecnostni-prvky\/\" target=\"_blank\" rel=\"noreferrer noopener\">here<\/a><\/strong>.\u00a0\ud83d\udc48<\/p>\n\n\n\n<p class=\"wp-block-paragraph\">V\u00edce o\u00a0\ud83d\udc49\u00a0<strong><a href=\"https:\/\/prusalab.cz\/en\/akcelerator\/\" target=\"_blank\" rel=\"noreferrer noopener\">PrusaLab hardware akceler\u00e1toru<\/a><\/strong>\u00a0\ud83d\udc48<\/p>","protected":false},"excerpt":{"rendered":"<p>V nov\u00e9m videu jsme se zeptali na osobn\u00ed zku\u0161enost Kl\u00e1ry \u0160makalov\u00e9 s v\u00fdvojem chytr\u00e9 kabelky IRMA v r\u00e1mci PrusaLab hardware akceler\u00e1toru. Jak ona a Jakub Stedina pro\u017e\u00edvali akceleraci v PrusaLabu? Co jim to p\u0159ineslo a jak se jejich projekt za tu dobu posunul? Pod\u00edvejte se na video a zjist\u011bte, jak\u00e9 kl\u00ed\u010dov\u00e9 momenty rozhodly o jejich \u00fasp\u011bchu.<\/p>","protected":false},"author":1,"featured_media":34697,"comment_status":"closed","ping_status":"closed","sticky":false,"template":"","format":"standard","meta":{"footnotes":""},"categories":[75,81,103],"tags":[],"class_list":["post-35221","post","type-post","status-publish","format-standard","has-post-thumbnail","hentry","category-akcelerator","category-rozhovory","category-zkusenosti-ucastnika-akceleratoru"],"yoast_head":"<!-- This site is optimized with the Yoast SEO plugin v28.3 - https:\/\/yoast.com\/product\/yoast-seo-wordpress\/ -->\n<title>Spousta informac\u00ed ve spr\u00e1vnou chv\u00edli: Akceler\u00e1tor o\u010dima Kl\u00e1ry \u0160makalov\u00e9 (IRMA) - PrusaLab<\/title>\n<meta name=\"robots\" content=\"index, follow, max-snippet:-1, max-image-preview:large, max-video-preview:-1\" \/>\n<link rel=\"canonical\" href=\"https:\/\/prusalab.cz\/en\/spousta-informaci-ve-spravnou-chvili-akcelerator-ocima-klary-smakalove-irma\/\" \/>\n<meta property=\"og:locale\" content=\"en_GB\" \/>\n<meta property=\"og:type\" content=\"article\" \/>\n<meta property=\"og:title\" content=\"Spousta informac\u00ed ve spr\u00e1vnou chv\u00edli: Akceler\u00e1tor o\u010dima Kl\u00e1ry \u0160makalov\u00e9 (IRMA) - PrusaLab\" \/>\n<meta property=\"og:description\" content=\"V nov\u00e9m videu jsme se zeptali na osobn\u00ed zku\u0161enost Kl\u00e1ry \u0160makalov\u00e9 s v\u00fdvojem chytr\u00e9 kabelky IRMA v r\u00e1mci PrusaLab hardware akceler\u00e1toru. Jak ona a Jakub Stedina pro\u017e\u00edvali akceleraci v PrusaLabu? Co jim to p\u0159ineslo a jak se jejich projekt za tu dobu posunul? Pod\u00edvejte se na video a zjist\u011bte, jak\u00e9 kl\u00ed\u010dov\u00e9 momenty rozhodly o jejich \u00fasp\u011bchu.\" \/>\n<meta property=\"og:url\" content=\"https:\/\/prusalab.cz\/en\/spousta-informaci-ve-spravnou-chvili-akcelerator-ocima-klary-smakalove-irma\/\" \/>\n<meta property=\"og:site_name\" content=\"PrusaLab\" \/>\n<meta property=\"article:publisher\" content=\"https:\/\/www.facebook.com\/PrusaLab\" \/>\n<meta property=\"article:published_time\" content=\"2025-02-25T11:28:00+00:00\" \/>\n<meta property=\"og:image\" content=\"https:\/\/prusalab.cz\/wp-content\/uploads\/2024\/11\/MG_6409IRMA-scaled-1.jpg\" \/>\n\t<meta property=\"og:image:width\" content=\"2048\" \/>\n\t<meta property=\"og:image:height\" content=\"1365\" \/>\n\t<meta property=\"og:image:type\" content=\"image\/jpeg\" \/>\n<meta name=\"author\" content=\"admin\" \/>\n<meta name=\"twitter:card\" content=\"summary_large_image\" \/>\n<meta name=\"twitter:label1\" content=\"Written by\" \/>\n\t<meta name=\"twitter:data1\" content=\"admin\" \/>\n\t<meta name=\"twitter:label2\" content=\"Est. reading time\" \/>\n\t<meta name=\"twitter:data2\" content=\"2 minutes\" \/>\n<script type=\"application\/ld+json\" class=\"yoast-schema-graph\">{\"@context\":\"https:\\\/\\\/schema.org\",\"@graph\":[{\"@type\":\"Article\",\"@id\":\"https:\\\/\\\/prusalab.cz\\\/spousta-informaci-ve-spravnou-chvili-akcelerator-ocima-klary-smakalove-irma\\\/#article\",\"isPartOf\":{\"@id\":\"https:\\\/\\\/prusalab.cz\\\/spousta-informaci-ve-spravnou-chvili-akcelerator-ocima-klary-smakalove-irma\\\/\"},\"author\":{\"name\":\"admin\",\"@id\":\"https:\\\/\\\/prusalab.cz\\\/#\\\/schema\\\/person\\\/8ce07076a3fd999af15269abad8e738e\"},\"headline\":\"Spousta informac\u00ed ve spr\u00e1vnou chv\u00edli: Akceler\u00e1tor o\u010dima Kl\u00e1ry \u0160makalov\u00e9 (IRMA)\",\"datePublished\":\"2025-02-25T11:28:00+00:00\",\"mainEntityOfPage\":{\"@id\":\"https:\\\/\\\/prusalab.cz\\\/spousta-informaci-ve-spravnou-chvili-akcelerator-ocima-klary-smakalove-irma\\\/\"},\"wordCount\":484,\"publisher\":{\"@id\":\"https:\\\/\\\/prusalab.cz\\\/#organization\"},\"image\":{\"@id\":\"https:\\\/\\\/prusalab.cz\\\/spousta-informaci-ve-spravnou-chvili-akcelerator-ocima-klary-smakalove-irma\\\/#primaryimage\"},\"thumbnailUrl\":\"https:\\\/\\\/prusalab.cz\\\/wp-content\\\/uploads\\\/2024\\\/11\\\/MG_6409IRMA-scaled-1.jpg\",\"articleSection\":[\"Akceler\u00e1tor\",\"Rozhovory\",\"Zku\u0161enosti \u00fa\u010dastn\u00edka akceler\u00e1toru\"],\"inLanguage\":\"en-GB\"},{\"@type\":\"WebPage\",\"@id\":\"https:\\\/\\\/prusalab.cz\\\/spousta-informaci-ve-spravnou-chvili-akcelerator-ocima-klary-smakalove-irma\\\/\",\"url\":\"https:\\\/\\\/prusalab.cz\\\/spousta-informaci-ve-spravnou-chvili-akcelerator-ocima-klary-smakalove-irma\\\/\",\"name\":\"Spousta informac\u00ed ve spr\u00e1vnou chv\u00edli: Akceler\u00e1tor o\u010dima Kl\u00e1ry \u0160makalov\u00e9 (IRMA) - PrusaLab\",\"isPartOf\":{\"@id\":\"https:\\\/\\\/prusalab.cz\\\/#website\"},\"primaryImageOfPage\":{\"@id\":\"https:\\\/\\\/prusalab.cz\\\/spousta-informaci-ve-spravnou-chvili-akcelerator-ocima-klary-smakalove-irma\\\/#primaryimage\"},\"image\":{\"@id\":\"https:\\\/\\\/prusalab.cz\\\/spousta-informaci-ve-spravnou-chvili-akcelerator-ocima-klary-smakalove-irma\\\/#primaryimage\"},\"thumbnailUrl\":\"https:\\\/\\\/prusalab.cz\\\/wp-content\\\/uploads\\\/2024\\\/11\\\/MG_6409IRMA-scaled-1.jpg\",\"datePublished\":\"2025-02-25T11:28:00+00:00\",\"breadcrumb\":{\"@id\":\"https:\\\/\\\/prusalab.cz\\\/spousta-informaci-ve-spravnou-chvili-akcelerator-ocima-klary-smakalove-irma\\\/#breadcrumb\"},\"inLanguage\":\"en-GB\",\"potentialAction\":[{\"@type\":\"ReadAction\",\"target\":[\"https:\\\/\\\/prusalab.cz\\\/spousta-informaci-ve-spravnou-chvili-akcelerator-ocima-klary-smakalove-irma\\\/\"]}]},{\"@type\":\"ImageObject\",\"inLanguage\":\"en-GB\",\"@id\":\"https:\\\/\\\/prusalab.cz\\\/spousta-informaci-ve-spravnou-chvili-akcelerator-ocima-klary-smakalove-irma\\\/#primaryimage\",\"url\":\"https:\\\/\\\/prusalab.cz\\\/wp-content\\\/uploads\\\/2024\\\/11\\\/MG_6409IRMA-scaled-1.jpg\",\"contentUrl\":\"https:\\\/\\\/prusalab.cz\\\/wp-content\\\/uploads\\\/2024\\\/11\\\/MG_6409IRMA-scaled-1.jpg\",\"width\":2048,\"height\":1365,\"caption\":\"\u010d\u00e1st konstrukce chytr\u00e9 kabelky IRMA p\u0159i v\u00fdvoji v PrusaLab hardware akceler\u00e1toru\"},{\"@type\":\"BreadcrumbList\",\"@id\":\"https:\\\/\\\/prusalab.cz\\\/spousta-informaci-ve-spravnou-chvili-akcelerator-ocima-klary-smakalove-irma\\\/#breadcrumb\",\"itemListElement\":[{\"@type\":\"ListItem\",\"position\":1,\"name\":\"Dom\u016f\",\"item\":\"https:\\\/\\\/prusalab.cz\\\/\"},{\"@type\":\"ListItem\",\"position\":2,\"name\":\"Spousta informac\u00ed ve spr\u00e1vnou chv\u00edli: Akceler\u00e1tor o\u010dima Kl\u00e1ry \u0160makalov\u00e9 (IRMA)\"}]},{\"@type\":\"WebSite\",\"@id\":\"https:\\\/\\\/prusalab.cz\\\/#website\",\"url\":\"https:\\\/\\\/prusalab.cz\\\/\",\"name\":\"PrusaLab\",\"description\":\"Hi-tech prototypov\u00e1 d\u00edlna v pra\u017esk\u00fdch Hole\u0161ovic\u00edch\",\"publisher\":{\"@id\":\"https:\\\/\\\/prusalab.cz\\\/#organization\"},\"potentialAction\":[{\"@type\":\"SearchAction\",\"target\":{\"@type\":\"EntryPoint\",\"urlTemplate\":\"https:\\\/\\\/prusalab.cz\\\/?s={search_term_string}\"},\"query-input\":{\"@type\":\"PropertyValueSpecification\",\"valueRequired\":true,\"valueName\":\"search_term_string\"}}],\"inLanguage\":\"en-GB\"},{\"@type\":\"Organization\",\"@id\":\"https:\\\/\\\/prusalab.cz\\\/#organization\",\"name\":\"PrusaLab\",\"url\":\"https:\\\/\\\/prusalab.cz\\\/\",\"logo\":{\"@type\":\"ImageObject\",\"inLanguage\":\"en-GB\",\"@id\":\"https:\\\/\\\/prusalab.cz\\\/#\\\/schema\\\/logo\\\/image\\\/\",\"url\":\"https:\\\/\\\/prusalab.cz\\\/wp-content\\\/uploads\\\/2026\\\/02\\\/logo-1.svg\",\"contentUrl\":\"https:\\\/\\\/prusalab.cz\\\/wp-content\\\/uploads\\\/2026\\\/02\\\/logo-1.svg\",\"width\":1116,\"height\":187,\"caption\":\"PrusaLab\"},\"image\":{\"@id\":\"https:\\\/\\\/prusalab.cz\\\/#\\\/schema\\\/logo\\\/image\\\/\"},\"sameAs\":[\"https:\\\/\\\/www.facebook.com\\\/PrusaLab\",\"https:\\\/\\\/www.instagram.com\\\/prusalab\",\"https:\\\/\\\/www.youtube.com\\\/@PrusaLab\"]},{\"@type\":\"Person\",\"@id\":\"https:\\\/\\\/prusalab.cz\\\/#\\\/schema\\\/person\\\/8ce07076a3fd999af15269abad8e738e\",\"name\":\"admin\",\"image\":{\"@type\":\"ImageObject\",\"inLanguage\":\"en-GB\",\"@id\":\"https:\\\/\\\/secure.gravatar.com\\\/avatar\\\/3a21ed637fec367b08a32ea051a22acfc0c074b7d724abf5ad0bc4b49657b9f8?s=96&d=mm&r=g\",\"url\":\"https:\\\/\\\/secure.gravatar.com\\\/avatar\\\/3a21ed637fec367b08a32ea051a22acfc0c074b7d724abf5ad0bc4b49657b9f8?s=96&d=mm&r=g\",\"contentUrl\":\"https:\\\/\\\/secure.gravatar.com\\\/avatar\\\/3a21ed637fec367b08a32ea051a22acfc0c074b7d724abf5ad0bc4b49657b9f8?s=96&d=mm&r=g\",\"caption\":\"admin\"},\"sameAs\":[\"https:\\\/\\\/prusalab.cz\"],\"url\":\"https:\\\/\\\/prusalab.cz\\\/en\\\/author\\\/admin\\\/\"}]}<\/script>\n<!-- \/ Yoast SEO plugin. -->","yoast_head_json":{"title":"Spousta informac\u00ed ve spr\u00e1vnou chv\u00edli: Akceler\u00e1tor o\u010dima Kl\u00e1ry \u0160makalov\u00e9 (IRMA) - PrusaLab","robots":{"index":"index","follow":"follow","max-snippet":"max-snippet:-1","max-image-preview":"max-image-preview:large","max-video-preview":"max-video-preview:-1"},"canonical":"https:\/\/prusalab.cz\/en\/spousta-informaci-ve-spravnou-chvili-akcelerator-ocima-klary-smakalove-irma\/","og_locale":"en_GB","og_type":"article","og_title":"Spousta informac\u00ed ve spr\u00e1vnou chv\u00edli: Akceler\u00e1tor o\u010dima Kl\u00e1ry \u0160makalov\u00e9 (IRMA) - PrusaLab","og_description":"V nov\u00e9m videu jsme se zeptali na osobn\u00ed zku\u0161enost Kl\u00e1ry \u0160makalov\u00e9 s v\u00fdvojem chytr\u00e9 kabelky IRMA v r\u00e1mci PrusaLab hardware akceler\u00e1toru. Jak ona a Jakub Stedina pro\u017e\u00edvali akceleraci v PrusaLabu? Co jim to p\u0159ineslo a jak se jejich projekt za tu dobu posunul? Pod\u00edvejte se na video a zjist\u011bte, jak\u00e9 kl\u00ed\u010dov\u00e9 momenty rozhodly o jejich \u00fasp\u011bchu.","og_url":"https:\/\/prusalab.cz\/en\/spousta-informaci-ve-spravnou-chvili-akcelerator-ocima-klary-smakalove-irma\/","og_site_name":"PrusaLab","article_publisher":"https:\/\/www.facebook.com\/PrusaLab","article_published_time":"2025-02-25T11:28:00+00:00","og_image":[{"width":2048,"height":1365,"url":"https:\/\/prusalab.cz\/wp-content\/uploads\/2024\/11\/MG_6409IRMA-scaled-1.jpg","type":"image\/jpeg"}],"author":"admin","twitter_card":"summary_large_image","twitter_misc":{"Written by":"admin","Est. reading time":"2 minutes"},"schema":{"@context":"https:\/\/schema.org","@graph":[{"@type":"Article","@id":"https:\/\/prusalab.cz\/spousta-informaci-ve-spravnou-chvili-akcelerator-ocima-klary-smakalove-irma\/#article","isPartOf":{"@id":"https:\/\/prusalab.cz\/spousta-informaci-ve-spravnou-chvili-akcelerator-ocima-klary-smakalove-irma\/"},"author":{"name":"admin","@id":"https:\/\/prusalab.cz\/#\/schema\/person\/8ce07076a3fd999af15269abad8e738e"},"headline":"Spousta informac\u00ed ve spr\u00e1vnou chv\u00edli: Akceler\u00e1tor o\u010dima Kl\u00e1ry \u0160makalov\u00e9 (IRMA)","datePublished":"2025-02-25T11:28:00+00:00","mainEntityOfPage":{"@id":"https:\/\/prusalab.cz\/spousta-informaci-ve-spravnou-chvili-akcelerator-ocima-klary-smakalove-irma\/"},"wordCount":484,"publisher":{"@id":"https:\/\/prusalab.cz\/#organization"},"image":{"@id":"https:\/\/prusalab.cz\/spousta-informaci-ve-spravnou-chvili-akcelerator-ocima-klary-smakalove-irma\/#primaryimage"},"thumbnailUrl":"https:\/\/prusalab.cz\/wp-content\/uploads\/2024\/11\/MG_6409IRMA-scaled-1.jpg","articleSection":["Akceler\u00e1tor","Rozhovory","Zku\u0161enosti \u00fa\u010dastn\u00edka akceler\u00e1toru"],"inLanguage":"en-GB"},{"@type":"WebPage","@id":"https:\/\/prusalab.cz\/spousta-informaci-ve-spravnou-chvili-akcelerator-ocima-klary-smakalove-irma\/","url":"https:\/\/prusalab.cz\/spousta-informaci-ve-spravnou-chvili-akcelerator-ocima-klary-smakalove-irma\/","name":"Spousta informac\u00ed ve spr\u00e1vnou chv\u00edli: Akceler\u00e1tor o\u010dima Kl\u00e1ry \u0160makalov\u00e9 (IRMA) - PrusaLab","isPartOf":{"@id":"https:\/\/prusalab.cz\/#website"},"primaryImageOfPage":{"@id":"https:\/\/prusalab.cz\/spousta-informaci-ve-spravnou-chvili-akcelerator-ocima-klary-smakalove-irma\/#primaryimage"},"image":{"@id":"https:\/\/prusalab.cz\/spousta-informaci-ve-spravnou-chvili-akcelerator-ocima-klary-smakalove-irma\/#primaryimage"},"thumbnailUrl":"https:\/\/prusalab.cz\/wp-content\/uploads\/2024\/11\/MG_6409IRMA-scaled-1.jpg","datePublished":"2025-02-25T11:28:00+00:00","breadcrumb":{"@id":"https:\/\/prusalab.cz\/spousta-informaci-ve-spravnou-chvili-akcelerator-ocima-klary-smakalove-irma\/#breadcrumb"},"inLanguage":"en-GB","potentialAction":[{"@type":"ReadAction","target":["https:\/\/prusalab.cz\/spousta-informaci-ve-spravnou-chvili-akcelerator-ocima-klary-smakalove-irma\/"]}]},{"@type":"ImageObject","inLanguage":"en-GB","@id":"https:\/\/prusalab.cz\/spousta-informaci-ve-spravnou-chvili-akcelerator-ocima-klary-smakalove-irma\/#primaryimage","url":"https:\/\/prusalab.cz\/wp-content\/uploads\/2024\/11\/MG_6409IRMA-scaled-1.jpg","contentUrl":"https:\/\/prusalab.cz\/wp-content\/uploads\/2024\/11\/MG_6409IRMA-scaled-1.jpg","width":2048,"height":1365,"caption":"\u010d\u00e1st konstrukce chytr\u00e9 kabelky IRMA p\u0159i v\u00fdvoji v PrusaLab hardware akceler\u00e1toru"},{"@type":"BreadcrumbList","@id":"https:\/\/prusalab.cz\/spousta-informaci-ve-spravnou-chvili-akcelerator-ocima-klary-smakalove-irma\/#breadcrumb","itemListElement":[{"@type":"ListItem","position":1,"name":"Dom\u016f","item":"https:\/\/prusalab.cz\/"},{"@type":"ListItem","position":2,"name":"Spousta informac\u00ed ve spr\u00e1vnou chv\u00edli: Akceler\u00e1tor o\u010dima Kl\u00e1ry \u0160makalov\u00e9 (IRMA)"}]},{"@type":"WebSite","@id":"https:\/\/prusalab.cz\/#website","url":"https:\/\/prusalab.cz\/","name":"PrusaLab","description":"High-tech prototype workshop in Prague's Hole\u0161ovice","publisher":{"@id":"https:\/\/prusalab.cz\/#organization"},"potentialAction":[{"@type":"SearchAction","target":{"@type":"EntryPoint","urlTemplate":"https:\/\/prusalab.cz\/?s={search_term_string}"},"query-input":{"@type":"PropertyValueSpecification","valueRequired":true,"valueName":"search_term_string"}}],"inLanguage":"en-GB"},{"@type":"Organization","@id":"https:\/\/prusalab.cz\/#organization","name":"PrusaLab","url":"https:\/\/prusalab.cz\/","logo":{"@type":"ImageObject","inLanguage":"en-GB","@id":"https:\/\/prusalab.cz\/#\/schema\/logo\/image\/","url":"https:\/\/prusalab.cz\/wp-content\/uploads\/2026\/02\/logo-1.svg","contentUrl":"https:\/\/prusalab.cz\/wp-content\/uploads\/2026\/02\/logo-1.svg","width":1116,"height":187,"caption":"PrusaLab"},"image":{"@id":"https:\/\/prusalab.cz\/#\/schema\/logo\/image\/"},"sameAs":["https:\/\/www.facebook.com\/PrusaLab","https:\/\/www.instagram.com\/prusalab","https:\/\/www.youtube.com\/@PrusaLab"]},{"@type":"Person","@id":"https:\/\/prusalab.cz\/#\/schema\/person\/8ce07076a3fd999af15269abad8e738e","name":"administrator","image":{"@type":"ImageObject","inLanguage":"en-GB","@id":"https:\/\/secure.gravatar.com\/avatar\/3a21ed637fec367b08a32ea051a22acfc0c074b7d724abf5ad0bc4b49657b9f8?s=96&d=mm&r=g","url":"https:\/\/secure.gravatar.com\/avatar\/3a21ed637fec367b08a32ea051a22acfc0c074b7d724abf5ad0bc4b49657b9f8?s=96&d=mm&r=g","contentUrl":"https:\/\/secure.gravatar.com\/avatar\/3a21ed637fec367b08a32ea051a22acfc0c074b7d724abf5ad0bc4b49657b9f8?s=96&d=mm&r=g","caption":"admin"},"sameAs":["https:\/\/prusalab.cz"],"url":"https:\/\/prusalab.cz\/en\/author\/admin\/"}]}},"_links":{"self":[{"href":"https:\/\/prusalab.cz\/en\/wp-json\/wp\/v2\/posts\/35221","targetHints":{"allow":["GET"]}}],"collection":[{"href":"https:\/\/prusalab.cz\/en\/wp-json\/wp\/v2\/posts"}],"about":[{"href":"https:\/\/prusalab.cz\/en\/wp-json\/wp\/v2\/types\/post"}],"author":[{"embeddable":true,"href":"https:\/\/prusalab.cz\/en\/wp-json\/wp\/v2\/users\/1"}],"replies":[{"embeddable":true,"href":"https:\/\/prusalab.cz\/en\/wp-json\/wp\/v2\/comments?post=35221"}],"version-history":[{"count":0,"href":"https:\/\/prusalab.cz\/en\/wp-json\/wp\/v2\/posts\/35221\/revisions"}],"wp:featuredmedia":[{"embeddable":true,"href":"https:\/\/prusalab.cz\/en\/wp-json\/wp\/v2\/media\/34697"}],"wp:attachment":[{"href":"https:\/\/prusalab.cz\/en\/wp-json\/wp\/v2\/media?parent=35221"}],"wp:term":[{"taxonomy":"category","embeddable":true,"href":"https:\/\/prusalab.cz\/en\/wp-json\/wp\/v2\/categories?post=35221"},{"taxonomy":"post_tag","embeddable":true,"href":"https:\/\/prusalab.cz\/en\/wp-json\/wp\/v2\/tags?post=35221"}],"curies":[{"name":"wp","href":"https:\/\/api.w.org\/{rel}","templated":true}]}}