{"id":32732,"date":"2024-07-16T08:41:57","date_gmt":"2024-07-16T07:41:57","guid":{"rendered":"https:\/\/prusalab.cz\/?p=32732"},"modified":"2024-07-16T08:41:57","modified_gmt":"2024-07-16T07:41:57","slug":"ze-sklepa-do-sveta-3-tak-trochu-na-houby-dil-s-davidem-sohajem-minarikem","status":"publish","type":"post","link":"https:\/\/prusalab.cz\/en\/ze-sklepa-do-sveta-3-tak-trochu-na-houby-dil-s-davidem-sohajem-minarikem\/","title":{"rendered":"From the Cellar to the World #3: A bit of a \u201emushroom-picking\u201c episode with David \u0160ohaj Mina\u0159\u00edk"},"content":{"rendered":"<p class=\"wp-block-paragraph\">V\u00a0nov\u00e9m d\u00edlu podcastu \u201eZe sklepa do sv\u011bta\u201c jsme m\u011bli tu \u010dest p\u0159iv\u00edtat <strong>Davida \u0160ohaje Mina\u0159\u00edka<\/strong>, zakladatele startupu <strong><a href=\"https:\/\/www.myco.cz\/\" target=\"_blank\" rel=\"noreferrer noopener\">MYCO<\/a><\/strong>. Tento d\u00edl se pono\u0159il do fascinuj\u00edc\u00edho sv\u011bta <strong>mycelia<\/strong> a\u00a0jeho potenci\u00e1lu v\u00a0pr\u016fmyslu.<\/p>\n\n\n\n<figure class=\"wp-block-embed is-type-video is-provider-youtube wp-block-embed-youtube wp-embed-aspect-16-9 wp-has-aspect-ratio\"><div class=\"wp-block-embed__wrapper\">\n<iframe loading=\"lazy\" title=\"From the Cellar to the World #3 David \u0160ohaj Mina\u0159\u00edk Myco PODCAST\" width=\"500\" height=\"281\" src=\"https:\/\/www.youtube.com\/embed\/wakX3lq36qw?feature=oembed\" frameborder=\"0\" allow=\"accelerometer; autoplay; clipboard-write; encrypted-media; gyroscope; picture-in-picture; web-share\" referrerpolicy=\"strict-origin-when-cross-origin\" allowfullscreen><\/iframe>\n<\/div><\/figure>\n\n\n\n<div style=\"height:50px\" aria-hidden=\"true\" class=\"wp-block-spacer\"><\/div>\n\n\n\n\n\n<figure class=\"wp-block-image aligncenter size-full is-resized\"><img decoding=\"async\" src=\"https:\/\/prusalab.cz\/wp-content\/uploads\/2024\/08\/Spotify-LOGO.png\" alt=\"\" class=\"wp-image-32657\" style=\"width:143px;height:auto\"\/><\/figure>\n\n\n\n\n\n<figure class=\"wp-block-image aligncenter size-full is-resized\"><img decoding=\"async\" src=\"https:\/\/prusalab.cz\/wp-content\/uploads\/2024\/08\/APPLE-PODCAST.png\" alt=\"\" class=\"wp-image-32655\" style=\"width:260px;height:auto\"\/><\/figure>\n\n\n\n\n\n<div style=\"height:50px\" aria-hidden=\"true\" class=\"wp-block-spacer\"><\/div>\n\n\n\n<h2 class=\"wp-block-heading\">Mycelium jako materi\u00e1l budoucnosti<\/h2>\n\n\n\n<p class=\"wp-block-paragraph\">David vysv\u011btluje, co je mycelium \u2013&nbsp;podhoub\u00ed hub, kter\u00e9 jeho firma pou\u017e\u00edv\u00e1 k&nbsp;v\u00fdrob\u011b ekologick\u00fdch obalov\u00fdch materi\u00e1l\u016f. Mycelium dok\u00e1\u017ee spojit r\u016fzn\u00e9 sekund\u00e1rn\u00ed produkty, jako jsou piliny nebo sl\u00e1ma, a&nbsp;vytvo\u0159it tak kompozitn\u00ed materi\u00e1l, kter\u00fd m\u016f\u017ee nahradit nap\u0159\u00edklad polystyren.<\/p>\n\n\n\n<h2 class=\"wp-block-heading\">V\u00fdroba a&nbsp;aplikace materi\u00e1l\u016f z&nbsp;mycelia<\/h2>\n\n\n\n<p class=\"wp-block-paragraph\">David popisuje unik\u00e1tn\u00ed v\u00fdrobn\u00ed proces, kter\u00fd zahrnuje sterilizaci substr\u00e1tu, inokulaci myceliem a&nbsp;n\u00e1sledn\u00e9 formov\u00e1n\u00ed do fin\u00e1ln\u00edho produktu. Tyto materi\u00e1ly se vyu\u017e\u00edvaj\u00ed v&nbsp;r\u016fzn\u00fdch oblastech, od balen\u00ed elektroniky po ekologick\u00e9 v\u00fdpln\u011b v&nbsp;pr\u016fmyslu.<\/p>\n\n\n\n<h2 class=\"wp-block-heading\">V\u00fdzvy a&nbsp;udr\u017eitelnost<\/h2>\n\n\n\n<p class=\"wp-block-paragraph\">Jedn\u00edm z&nbsp;kl\u00ed\u010dov\u00fdch t\u00e9mat rozhovoru byla udr\u017eitelnost. David se pod\u011blil o&nbsp;v\u00fdzvy, kter\u00e9 p\u0159in\u00e1\u0161\u00ed p\u0159echod na ekologick\u00e9 materi\u00e1ly, a&nbsp;jak se MYCO sna\u017e\u00ed dr\u017eet krok s&nbsp;p\u0159\u00edsn\u00fdmi evropsk\u00fdmi regulacemi a&nbsp;sou\u010dasn\u011b z\u016fstat konkurenceschopn\u00ed na trhu.<\/p>\n\n\n\n<h2 class=\"wp-block-heading\">Investice a&nbsp;r\u016fst startupu<\/h2>\n\n\n\n<p class=\"wp-block-paragraph\">David tak\u00e9 mluv\u00ed o&nbsp;v\u00fdzv\u00e1ch spojen\u00fdch s&nbsp;investicemi a&nbsp;r\u016fstem firmy. Vysv\u011btlil, jak je d\u016fle\u017eit\u00e9 m\u00edt siln\u00fd t\u00fdm a&nbsp;jasnou vizi, aby byl startup \u00fasp\u011b\u0161n\u00fd a&nbsp;mohl se rozv\u00edjet i&nbsp;p\u0159es p\u0159ek\u00e1\u017eky, kter\u00e9 p\u0159in\u00e1\u0161\u00ed trh a&nbsp;regulace.<\/p>\n\n\n\n<p class=\"wp-block-paragraph\">Pokud v\u00e1s zaj\u00edm\u00e1 udr\u017eitelnost, inovativn\u00ed materi\u00e1ly a&nbsp;p\u0159\u00edb\u011bh o&nbsp;tom, jak z&nbsp;n\u00e1padu vznik\u00e1 \u00fasp\u011b\u0161n\u00fd startup, rozhodn\u011b si tento d\u00edl nenechte uj\u00edt!<\/p>","protected":false},"excerpt":{"rendered":"<p>V\u00a0nov\u00e9m d\u00edlu podcastu \u201eZe sklepa do sv\u011bta\u201c jsme m\u011bli tu \u010dest p\u0159iv\u00edtat Davida \u0160ohaje Mina\u0159\u00edka, zakladatele startupu MYCO. Tento d\u00edl se pono\u0159il do fascinuj\u00edc\u00edho sv\u011bta mycelia a\u00a0jeho potenci\u00e1lu v\u00a0pr\u016fmyslu.<\/p>","protected":false},"author":1,"featured_media":32733,"comment_status":"closed","ping_status":"closed","sticky":false,"template":"","format":"standard","meta":{"footnotes":""},"categories":[101],"tags":[],"class_list":["post-32732","post","type-post","status-publish","format-standard","has-post-thumbnail","hentry","category-podcast"],"yoast_head":"<!-- This site is optimized with the Yoast SEO plugin v28.3 - https:\/\/yoast.com\/product\/yoast-seo-wordpress\/ -->\n<title>Ze sklepa do sv\u011bta #3: Tak trochu \u201ena houby\u201c d\u00edl s Davidem \u0160ohajem Mina\u0159\u00edkem - PrusaLab<\/title>\n<meta name=\"robots\" content=\"index, follow, max-snippet:-1, max-image-preview:large, max-video-preview:-1\" \/>\n<link rel=\"canonical\" href=\"https:\/\/prusalab.cz\/en\/ze-sklepa-do-sveta-3-tak-trochu-na-houby-dil-s-davidem-sohajem-minarikem\/\" \/>\n<meta property=\"og:locale\" content=\"en_GB\" \/>\n<meta property=\"og:type\" content=\"article\" \/>\n<meta property=\"og:title\" content=\"Ze sklepa do sv\u011bta #3: Tak trochu \u201ena houby\u201c d\u00edl s Davidem \u0160ohajem Mina\u0159\u00edkem - PrusaLab\" \/>\n<meta property=\"og:description\" content=\"V\u00a0nov\u00e9m d\u00edlu podcastu \u201eZe sklepa do sv\u011bta\u201c jsme m\u011bli tu \u010dest p\u0159iv\u00edtat Davida \u0160ohaje Mina\u0159\u00edka, zakladatele startupu MYCO. Tento d\u00edl se pono\u0159il do fascinuj\u00edc\u00edho sv\u011bta mycelia a\u00a0jeho potenci\u00e1lu v\u00a0pr\u016fmyslu.\" \/>\n<meta property=\"og:url\" content=\"https:\/\/prusalab.cz\/en\/ze-sklepa-do-sveta-3-tak-trochu-na-houby-dil-s-davidem-sohajem-minarikem\/\" \/>\n<meta property=\"og:site_name\" content=\"PrusaLab\" \/>\n<meta property=\"article:publisher\" content=\"https:\/\/www.facebook.com\/PrusaLab\" \/>\n<meta property=\"article:published_time\" content=\"2024-07-16T07:41:57+00:00\" \/>\n<meta property=\"og:image\" content=\"https:\/\/prusalab.cz\/wp-content\/uploads\/2024\/08\/MG_7957Podcast2a3M-scaled-1.jpg\" \/>\n\t<meta property=\"og:image:width\" content=\"2048\" \/>\n\t<meta property=\"og:image:height\" content=\"1365\" \/>\n\t<meta property=\"og:image:type\" content=\"image\/jpeg\" \/>\n<meta name=\"author\" content=\"admin\" \/>\n<meta name=\"twitter:card\" content=\"summary_large_image\" \/>\n<meta name=\"twitter:label1\" content=\"Written by\" \/>\n\t<meta name=\"twitter:data1\" content=\"admin\" \/>\n\t<meta name=\"twitter:label2\" content=\"Est. reading time\" \/>\n\t<meta name=\"twitter:data2\" content=\"2 minutes\" \/>\n<script type=\"application\/ld+json\" class=\"yoast-schema-graph\">{\"@context\":\"https:\\\/\\\/schema.org\",\"@graph\":[{\"@type\":\"Article\",\"@id\":\"https:\\\/\\\/prusalab.cz\\\/ze-sklepa-do-sveta-3-tak-trochu-na-houby-dil-s-davidem-sohajem-minarikem\\\/#article\",\"isPartOf\":{\"@id\":\"https:\\\/\\\/prusalab.cz\\\/ze-sklepa-do-sveta-3-tak-trochu-na-houby-dil-s-davidem-sohajem-minarikem\\\/\"},\"author\":{\"name\":\"admin\",\"@id\":\"https:\\\/\\\/prusalab.cz\\\/#\\\/schema\\\/person\\\/8ce07076a3fd999af15269abad8e738e\"},\"headline\":\"Ze sklepa do sv\u011bta #3: Tak trochu \u201ena houby\u201c d\u00edl s Davidem \u0160ohajem Mina\u0159\u00edkem\",\"datePublished\":\"2024-07-16T07:41:57+00:00\",\"mainEntityOfPage\":{\"@id\":\"https:\\\/\\\/prusalab.cz\\\/ze-sklepa-do-sveta-3-tak-trochu-na-houby-dil-s-davidem-sohajem-minarikem\\\/\"},\"wordCount\":350,\"publisher\":{\"@id\":\"https:\\\/\\\/prusalab.cz\\\/#organization\"},\"image\":{\"@id\":\"https:\\\/\\\/prusalab.cz\\\/ze-sklepa-do-sveta-3-tak-trochu-na-houby-dil-s-davidem-sohajem-minarikem\\\/#primaryimage\"},\"thumbnailUrl\":\"https:\\\/\\\/prusalab.cz\\\/wp-content\\\/uploads\\\/2024\\\/08\\\/MG_7957Podcast2a3M-scaled-1.jpg\",\"articleSection\":[\"Podcast\"],\"inLanguage\":\"en-GB\"},{\"@type\":\"WebPage\",\"@id\":\"https:\\\/\\\/prusalab.cz\\\/ze-sklepa-do-sveta-3-tak-trochu-na-houby-dil-s-davidem-sohajem-minarikem\\\/\",\"url\":\"https:\\\/\\\/prusalab.cz\\\/ze-sklepa-do-sveta-3-tak-trochu-na-houby-dil-s-davidem-sohajem-minarikem\\\/\",\"name\":\"Ze sklepa do sv\u011bta #3: Tak trochu \u201ena houby\u201c d\u00edl s Davidem \u0160ohajem Mina\u0159\u00edkem - PrusaLab\",\"isPartOf\":{\"@id\":\"https:\\\/\\\/prusalab.cz\\\/#website\"},\"primaryImageOfPage\":{\"@id\":\"https:\\\/\\\/prusalab.cz\\\/ze-sklepa-do-sveta-3-tak-trochu-na-houby-dil-s-davidem-sohajem-minarikem\\\/#primaryimage\"},\"image\":{\"@id\":\"https:\\\/\\\/prusalab.cz\\\/ze-sklepa-do-sveta-3-tak-trochu-na-houby-dil-s-davidem-sohajem-minarikem\\\/#primaryimage\"},\"thumbnailUrl\":\"https:\\\/\\\/prusalab.cz\\\/wp-content\\\/uploads\\\/2024\\\/08\\\/MG_7957Podcast2a3M-scaled-1.jpg\",\"datePublished\":\"2024-07-16T07:41:57+00:00\",\"breadcrumb\":{\"@id\":\"https:\\\/\\\/prusalab.cz\\\/ze-sklepa-do-sveta-3-tak-trochu-na-houby-dil-s-davidem-sohajem-minarikem\\\/#breadcrumb\"},\"inLanguage\":\"en-GB\",\"potentialAction\":[{\"@type\":\"ReadAction\",\"target\":[\"https:\\\/\\\/prusalab.cz\\\/ze-sklepa-do-sveta-3-tak-trochu-na-houby-dil-s-davidem-sohajem-minarikem\\\/\"]}]},{\"@type\":\"ImageObject\",\"inLanguage\":\"en-GB\",\"@id\":\"https:\\\/\\\/prusalab.cz\\\/ze-sklepa-do-sveta-3-tak-trochu-na-houby-dil-s-davidem-sohajem-minarikem\\\/#primaryimage\",\"url\":\"https:\\\/\\\/prusalab.cz\\\/wp-content\\\/uploads\\\/2024\\\/08\\\/MG_7957Podcast2a3M-scaled-1.jpg\",\"contentUrl\":\"https:\\\/\\\/prusalab.cz\\\/wp-content\\\/uploads\\\/2024\\\/08\\\/MG_7957Podcast2a3M-scaled-1.jpg\",\"width\":2048,\"height\":1365},{\"@type\":\"BreadcrumbList\",\"@id\":\"https:\\\/\\\/prusalab.cz\\\/ze-sklepa-do-sveta-3-tak-trochu-na-houby-dil-s-davidem-sohajem-minarikem\\\/#breadcrumb\",\"itemListElement\":[{\"@type\":\"ListItem\",\"position\":1,\"name\":\"Dom\u016f\",\"item\":\"https:\\\/\\\/prusalab.cz\\\/\"},{\"@type\":\"ListItem\",\"position\":2,\"name\":\"Ze sklepa do sv\u011bta #3: Tak trochu \u201ena houby\u201c d\u00edl s Davidem \u0160ohajem Mina\u0159\u00edkem\"}]},{\"@type\":\"WebSite\",\"@id\":\"https:\\\/\\\/prusalab.cz\\\/#website\",\"url\":\"https:\\\/\\\/prusalab.cz\\\/\",\"name\":\"PrusaLab\",\"description\":\"Hi-tech prototypov\u00e1 d\u00edlna v pra\u017esk\u00fdch Hole\u0161ovic\u00edch\",\"publisher\":{\"@id\":\"https:\\\/\\\/prusalab.cz\\\/#organization\"},\"potentialAction\":[{\"@type\":\"SearchAction\",\"target\":{\"@type\":\"EntryPoint\",\"urlTemplate\":\"https:\\\/\\\/prusalab.cz\\\/?s={search_term_string}\"},\"query-input\":{\"@type\":\"PropertyValueSpecification\",\"valueRequired\":true,\"valueName\":\"search_term_string\"}}],\"inLanguage\":\"en-GB\"},{\"@type\":\"Organization\",\"@id\":\"https:\\\/\\\/prusalab.cz\\\/#organization\",\"name\":\"PrusaLab\",\"url\":\"https:\\\/\\\/prusalab.cz\\\/\",\"logo\":{\"@type\":\"ImageObject\",\"inLanguage\":\"en-GB\",\"@id\":\"https:\\\/\\\/prusalab.cz\\\/#\\\/schema\\\/logo\\\/image\\\/\",\"url\":\"https:\\\/\\\/prusalab.cz\\\/wp-content\\\/uploads\\\/2026\\\/02\\\/logo-1.svg\",\"contentUrl\":\"https:\\\/\\\/prusalab.cz\\\/wp-content\\\/uploads\\\/2026\\\/02\\\/logo-1.svg\",\"width\":1116,\"height\":187,\"caption\":\"PrusaLab\"},\"image\":{\"@id\":\"https:\\\/\\\/prusalab.cz\\\/#\\\/schema\\\/logo\\\/image\\\/\"},\"sameAs\":[\"https:\\\/\\\/www.facebook.com\\\/PrusaLab\",\"https:\\\/\\\/www.instagram.com\\\/prusalab\",\"https:\\\/\\\/www.youtube.com\\\/@PrusaLab\"]},{\"@type\":\"Person\",\"@id\":\"https:\\\/\\\/prusalab.cz\\\/#\\\/schema\\\/person\\\/8ce07076a3fd999af15269abad8e738e\",\"name\":\"admin\",\"image\":{\"@type\":\"ImageObject\",\"inLanguage\":\"en-GB\",\"@id\":\"https:\\\/\\\/secure.gravatar.com\\\/avatar\\\/3a21ed637fec367b08a32ea051a22acfc0c074b7d724abf5ad0bc4b49657b9f8?s=96&d=mm&r=g\",\"url\":\"https:\\\/\\\/secure.gravatar.com\\\/avatar\\\/3a21ed637fec367b08a32ea051a22acfc0c074b7d724abf5ad0bc4b49657b9f8?s=96&d=mm&r=g\",\"contentUrl\":\"https:\\\/\\\/secure.gravatar.com\\\/avatar\\\/3a21ed637fec367b08a32ea051a22acfc0c074b7d724abf5ad0bc4b49657b9f8?s=96&d=mm&r=g\",\"caption\":\"admin\"},\"sameAs\":[\"https:\\\/\\\/prusalab.cz\"],\"url\":\"https:\\\/\\\/prusalab.cz\\\/en\\\/author\\\/admin\\\/\"}]}<\/script>\n<!-- \/ Yoast SEO plugin. -->","yoast_head_json":{"title":"Ze sklepa do sv\u011bta #3: Tak trochu \u201ena houby\u201c d\u00edl s Davidem \u0160ohajem Mina\u0159\u00edkem - PrusaLab","robots":{"index":"index","follow":"follow","max-snippet":"max-snippet:-1","max-image-preview":"max-image-preview:large","max-video-preview":"max-video-preview:-1"},"canonical":"https:\/\/prusalab.cz\/en\/ze-sklepa-do-sveta-3-tak-trochu-na-houby-dil-s-davidem-sohajem-minarikem\/","og_locale":"en_GB","og_type":"article","og_title":"Ze sklepa do sv\u011bta #3: Tak trochu \u201ena houby\u201c d\u00edl s Davidem \u0160ohajem Mina\u0159\u00edkem - PrusaLab","og_description":"V\u00a0nov\u00e9m d\u00edlu podcastu \u201eZe sklepa do sv\u011bta\u201c jsme m\u011bli tu \u010dest p\u0159iv\u00edtat Davida \u0160ohaje Mina\u0159\u00edka, zakladatele startupu MYCO. Tento d\u00edl se pono\u0159il do fascinuj\u00edc\u00edho sv\u011bta mycelia a\u00a0jeho potenci\u00e1lu v\u00a0pr\u016fmyslu.","og_url":"https:\/\/prusalab.cz\/en\/ze-sklepa-do-sveta-3-tak-trochu-na-houby-dil-s-davidem-sohajem-minarikem\/","og_site_name":"PrusaLab","article_publisher":"https:\/\/www.facebook.com\/PrusaLab","article_published_time":"2024-07-16T07:41:57+00:00","og_image":[{"width":2048,"height":1365,"url":"https:\/\/prusalab.cz\/wp-content\/uploads\/2024\/08\/MG_7957Podcast2a3M-scaled-1.jpg","type":"image\/jpeg"}],"author":"admin","twitter_card":"summary_large_image","twitter_misc":{"Written by":"admin","Est. reading time":"2 minutes"},"schema":{"@context":"https:\/\/schema.org","@graph":[{"@type":"Article","@id":"https:\/\/prusalab.cz\/ze-sklepa-do-sveta-3-tak-trochu-na-houby-dil-s-davidem-sohajem-minarikem\/#article","isPartOf":{"@id":"https:\/\/prusalab.cz\/ze-sklepa-do-sveta-3-tak-trochu-na-houby-dil-s-davidem-sohajem-minarikem\/"},"author":{"name":"admin","@id":"https:\/\/prusalab.cz\/#\/schema\/person\/8ce07076a3fd999af15269abad8e738e"},"headline":"Ze sklepa do sv\u011bta #3: Tak trochu \u201ena houby\u201c d\u00edl s Davidem \u0160ohajem Mina\u0159\u00edkem","datePublished":"2024-07-16T07:41:57+00:00","mainEntityOfPage":{"@id":"https:\/\/prusalab.cz\/ze-sklepa-do-sveta-3-tak-trochu-na-houby-dil-s-davidem-sohajem-minarikem\/"},"wordCount":350,"publisher":{"@id":"https:\/\/prusalab.cz\/#organization"},"image":{"@id":"https:\/\/prusalab.cz\/ze-sklepa-do-sveta-3-tak-trochu-na-houby-dil-s-davidem-sohajem-minarikem\/#primaryimage"},"thumbnailUrl":"https:\/\/prusalab.cz\/wp-content\/uploads\/2024\/08\/MG_7957Podcast2a3M-scaled-1.jpg","articleSection":["Podcast"],"inLanguage":"en-GB"},{"@type":"WebPage","@id":"https:\/\/prusalab.cz\/ze-sklepa-do-sveta-3-tak-trochu-na-houby-dil-s-davidem-sohajem-minarikem\/","url":"https:\/\/prusalab.cz\/ze-sklepa-do-sveta-3-tak-trochu-na-houby-dil-s-davidem-sohajem-minarikem\/","name":"Ze sklepa do sv\u011bta #3: Tak trochu \u201ena houby\u201c d\u00edl s Davidem \u0160ohajem Mina\u0159\u00edkem - PrusaLab","isPartOf":{"@id":"https:\/\/prusalab.cz\/#website"},"primaryImageOfPage":{"@id":"https:\/\/prusalab.cz\/ze-sklepa-do-sveta-3-tak-trochu-na-houby-dil-s-davidem-sohajem-minarikem\/#primaryimage"},"image":{"@id":"https:\/\/prusalab.cz\/ze-sklepa-do-sveta-3-tak-trochu-na-houby-dil-s-davidem-sohajem-minarikem\/#primaryimage"},"thumbnailUrl":"https:\/\/prusalab.cz\/wp-content\/uploads\/2024\/08\/MG_7957Podcast2a3M-scaled-1.jpg","datePublished":"2024-07-16T07:41:57+00:00","breadcrumb":{"@id":"https:\/\/prusalab.cz\/ze-sklepa-do-sveta-3-tak-trochu-na-houby-dil-s-davidem-sohajem-minarikem\/#breadcrumb"},"inLanguage":"en-GB","potentialAction":[{"@type":"ReadAction","target":["https:\/\/prusalab.cz\/ze-sklepa-do-sveta-3-tak-trochu-na-houby-dil-s-davidem-sohajem-minarikem\/"]}]},{"@type":"ImageObject","inLanguage":"en-GB","@id":"https:\/\/prusalab.cz\/ze-sklepa-do-sveta-3-tak-trochu-na-houby-dil-s-davidem-sohajem-minarikem\/#primaryimage","url":"https:\/\/prusalab.cz\/wp-content\/uploads\/2024\/08\/MG_7957Podcast2a3M-scaled-1.jpg","contentUrl":"https:\/\/prusalab.cz\/wp-content\/uploads\/2024\/08\/MG_7957Podcast2a3M-scaled-1.jpg","width":2048,"height":1365},{"@type":"BreadcrumbList","@id":"https:\/\/prusalab.cz\/ze-sklepa-do-sveta-3-tak-trochu-na-houby-dil-s-davidem-sohajem-minarikem\/#breadcrumb","itemListElement":[{"@type":"ListItem","position":1,"name":"Dom\u016f","item":"https:\/\/prusalab.cz\/"},{"@type":"ListItem","position":2,"name":"Ze sklepa do sv\u011bta #3: Tak trochu \u201ena houby\u201c d\u00edl s Davidem \u0160ohajem Mina\u0159\u00edkem"}]},{"@type":"WebSite","@id":"https:\/\/prusalab.cz\/#website","url":"https:\/\/prusalab.cz\/","name":"PrusaLab","description":"High-tech prototype workshop in Prague's Hole\u0161ovice","publisher":{"@id":"https:\/\/prusalab.cz\/#organization"},"potentialAction":[{"@type":"SearchAction","target":{"@type":"EntryPoint","urlTemplate":"https:\/\/prusalab.cz\/?s={search_term_string}"},"query-input":{"@type":"PropertyValueSpecification","valueRequired":true,"valueName":"search_term_string"}}],"inLanguage":"en-GB"},{"@type":"Organization","@id":"https:\/\/prusalab.cz\/#organization","name":"PrusaLab","url":"https:\/\/prusalab.cz\/","logo":{"@type":"ImageObject","inLanguage":"en-GB","@id":"https:\/\/prusalab.cz\/#\/schema\/logo\/image\/","url":"https:\/\/prusalab.cz\/wp-content\/uploads\/2026\/02\/logo-1.svg","contentUrl":"https:\/\/prusalab.cz\/wp-content\/uploads\/2026\/02\/logo-1.svg","width":1116,"height":187,"caption":"PrusaLab"},"image":{"@id":"https:\/\/prusalab.cz\/#\/schema\/logo\/image\/"},"sameAs":["https:\/\/www.facebook.com\/PrusaLab","https:\/\/www.instagram.com\/prusalab","https:\/\/www.youtube.com\/@PrusaLab"]},{"@type":"Person","@id":"https:\/\/prusalab.cz\/#\/schema\/person\/8ce07076a3fd999af15269abad8e738e","name":"administrator","image":{"@type":"ImageObject","inLanguage":"en-GB","@id":"https:\/\/secure.gravatar.com\/avatar\/3a21ed637fec367b08a32ea051a22acfc0c074b7d724abf5ad0bc4b49657b9f8?s=96&d=mm&r=g","url":"https:\/\/secure.gravatar.com\/avatar\/3a21ed637fec367b08a32ea051a22acfc0c074b7d724abf5ad0bc4b49657b9f8?s=96&d=mm&r=g","contentUrl":"https:\/\/secure.gravatar.com\/avatar\/3a21ed637fec367b08a32ea051a22acfc0c074b7d724abf5ad0bc4b49657b9f8?s=96&d=mm&r=g","caption":"admin"},"sameAs":["https:\/\/prusalab.cz"],"url":"https:\/\/prusalab.cz\/en\/author\/admin\/"}]}},"_links":{"self":[{"href":"https:\/\/prusalab.cz\/en\/wp-json\/wp\/v2\/posts\/32732","targetHints":{"allow":["GET"]}}],"collection":[{"href":"https:\/\/prusalab.cz\/en\/wp-json\/wp\/v2\/posts"}],"about":[{"href":"https:\/\/prusalab.cz\/en\/wp-json\/wp\/v2\/types\/post"}],"author":[{"embeddable":true,"href":"https:\/\/prusalab.cz\/en\/wp-json\/wp\/v2\/users\/1"}],"replies":[{"embeddable":true,"href":"https:\/\/prusalab.cz\/en\/wp-json\/wp\/v2\/comments?post=32732"}],"version-history":[{"count":0,"href":"https:\/\/prusalab.cz\/en\/wp-json\/wp\/v2\/posts\/32732\/revisions"}],"wp:featuredmedia":[{"embeddable":true,"href":"https:\/\/prusalab.cz\/en\/wp-json\/wp\/v2\/media\/32733"}],"wp:attachment":[{"href":"https:\/\/prusalab.cz\/en\/wp-json\/wp\/v2\/media?parent=32732"}],"wp:term":[{"taxonomy":"category","embeddable":true,"href":"https:\/\/prusalab.cz\/en\/wp-json\/wp\/v2\/categories?post=32732"},{"taxonomy":"post_tag","embeddable":true,"href":"https:\/\/prusalab.cz\/en\/wp-json\/wp\/v2\/tags?post=32732"}],"curies":[{"name":"wp","href":"https:\/\/api.w.org\/{rel}","templated":true}]}}