{"id":32506,"date":"2024-06-14T10:59:00","date_gmt":"2024-06-14T09:59:00","guid":{"rendered":"https:\/\/prusalab.cz\/?p=32506"},"modified":"2024-06-14T10:59:00","modified_gmt":"2024-06-14T09:59:00","slug":"ze-sklepa-do-sveta-2-nejen-o-batozich-s-eliskou-slamovou-a-simonem-brabcem-z-braasi-industry","status":"publish","type":"post","link":"https:\/\/prusalab.cz\/en\/ze-sklepa-do-sveta-2-nejen-o-batozich-s-eliskou-slamovou-a-simonem-brabcem-z-braasi-industry\/","title":{"rendered":"From the Cellar to the World of #2: More than Just Rucksacks \u2013 with Eli\u0161ka Sl\u00e1mov\u00e1 and \u0160imon Brabec from Braasi Industry"},"content":{"rendered":"<p class=\"wp-block-paragraph\">Nov\u00fd d\u00edl na\u0161eho podcastu, ve kter\u00e9m se zam\u011b\u0159ujeme na p\u0159\u00edb\u011bhy \u010desk\u00fdch startupist\u016f, je tady! V\u00a0t\u00e9to epizod\u011b se se\u0161li <strong>Eli\u0161ka Sl\u00e1mov\u00e1<\/strong> a\u00a0<strong>\u0160imon Brabec<\/strong>, zakladatel\u00e9 zna\u010dky <strong><a href=\"https:\/\/www.braasi.com\/?gad_source=1&amp;gclid=CjwKCAjwk8e1BhALEiwAc8MHiA5T4Yfk8GbEiUQgCG67Mim9DnfqkOx0938vlT52i_dITMCX6nkktxoC368QAvD_BwE\" target=\"_blank\" rel=\"noreferrer noopener\">Braasi\u00a0Industry<\/a><\/strong>, aby se pod\u011blili o\u00a0svou fascinuj\u00edc\u00ed cestu sv\u011btem designu a\u00a0v\u00fdroby unik\u00e1tn\u00edch \u010desk\u00fdch batoh\u016f.<\/p>\n\n\n\n<figure class=\"wp-block-embed is-type-video is-provider-youtube wp-block-embed-youtube wp-embed-aspect-16-9 wp-has-aspect-ratio\"><div class=\"wp-block-embed__wrapper\">\n<iframe loading=\"lazy\" title=\"From the Cellar to the World #2 Eli\u0161ka Sl\u00e1mov\u00e1 and \u0160imon Brabec Brassi Industry PODCAST\" width=\"500\" height=\"281\" src=\"https:\/\/www.youtube.com\/embed\/JDpvKiqnYsg?feature=oembed\" frameborder=\"0\" allow=\"accelerometer; autoplay; clipboard-write; encrypted-media; gyroscope; picture-in-picture; web-share\" referrerpolicy=\"strict-origin-when-cross-origin\" allowfullscreen><\/iframe>\n<\/div><\/figure>\n\n\n\n<div style=\"height:50px\" aria-hidden=\"true\" class=\"wp-block-spacer\"><\/div>\n\n\n\n\n\n<figure class=\"wp-block-image aligncenter size-full is-resized\"><img decoding=\"async\" src=\"https:\/\/prusalab.cz\/wp-content\/uploads\/2024\/08\/Spotify-LOGO.png\" alt=\"\" class=\"wp-image-32657\" style=\"width:143px;height:auto\"\/><\/figure>\n\n\n\n\n\n<figure class=\"wp-block-image aligncenter size-full is-resized\"><img decoding=\"async\" src=\"https:\/\/prusalab.cz\/wp-content\/uploads\/2024\/08\/APPLE-PODCAST.png\" alt=\"\" class=\"wp-image-32655\" style=\"width:260px;height:auto\"\/><\/figure>\n\n\n\n\n\n<div style=\"height:50px\" aria-hidden=\"true\" class=\"wp-block-spacer\"><\/div>\n\n\n\n<h2 class=\"wp-block-heading\">O \u010dem je nov\u00fd d\u00edl?<\/h2>\n\n\n\n<p class=\"wp-block-paragraph\"><strong>From the cellar to the world<\/strong> je podcast zam\u011b\u0159en\u00fd na objevov\u00e1n\u00ed inovativn\u00edch \u010desk\u00fdch startup\u016f a&nbsp;podnikatel\u016f. V t\u00e9to epizod\u011b si Ond\u0159ej Ka\u0161p\u00e1rek pov\u00edd\u00e1 s&nbsp;Eli\u0161kou Sl\u00e1movou a&nbsp;\u0160imonem Brabcem, kte\u0159\u00ed stoj\u00ed za zna\u010dkou Braasi Industry. Diskutuj\u00ed o&nbsp;tom, jak se z p\u016fvodn\u011b mal\u00e9ho projektu stala firma zn\u00e1m\u00e1 sv\u00fdmi batohy a&nbsp;dal\u0161\u00edm designov\u00fdm zbo\u017e\u00edm, jak\u00e9 v\u00fdzvy museli p\u0159ekonat a&nbsp;jak\u00e9 maj\u00ed pl\u00e1ny do budoucna.<\/p>\n\n\n\n<h2 class=\"wp-block-heading\">P\u0159\u00edb\u011bh Braasi Industry<\/h2>\n\n\n\n<p class=\"wp-block-paragraph\">Eli\u0161ka a&nbsp;\u0160imon za\u010dali svou cestu jako architekti, kte\u0159\u00ed se rozhodli vyr\u00e1b\u011bt vlastn\u00ed batohy. Braasi Industry vzniklo z&nbsp;pot\u0159eby vytvo\u0159it kvalitn\u00ed, funk\u010dn\u00ed a&nbsp;esteticky p\u0159ita\u017eliv\u00e9 produkty, kter\u00e9 vych\u00e1zej\u00ed z&nbsp;osobn\u00ed nespokojenosti s&nbsp;t\u00edm, co bylo na trhu k&nbsp;dispozici. Jejich zna\u010dka se od po\u010d\u00e1tku zam\u011b\u0159uje na lok\u00e1ln\u00ed v\u00fdrobu a&nbsp;udr\u017eitelnost, p\u0159i\u010dem\u017e v\u0161echny produkty jsou vyr\u00e1b\u011bny p\u0159\u00edmo v&nbsp;\u010cesk\u00e9 republice.<\/p>\n\n\n\n<h2 class=\"wp-block-heading\">Jak se tvo\u0159\u00ed batohy Braasi<\/h2>\n\n\n\n<p class=\"wp-block-paragraph\">Jedn\u00edm z&nbsp;kl\u00ed\u010dov\u00fdch aspekt\u016f Braasi Industry je proces v\u00fdroby, kter\u00fd zahrnuje n\u00e1vrh, prototypov\u00e1n\u00ed, v\u00fdrobu a&nbsp;prodej. Eli\u0161ka a&nbsp;\u0160imon kladou d\u016fraz na kvalitu materi\u00e1l\u016f a&nbsp;zpracov\u00e1n\u00ed, co\u017e jim umo\u017e\u0148uje nab\u00edzet produkty, kter\u00e9 jsou nejen esteticky zaj\u00edmav\u00e9, ale tak\u00e9 funk\u010dn\u00ed. V&nbsp;podcastu sd\u00edlej\u00ed, jak prob\u00edh\u00e1 cel\u00fd proces v\u00fdroby od n\u00e1padu po hotov\u00fd produkt.<\/p>\n\n\n\n<h2 class=\"wp-block-heading\">V\u00fdzvy a \u00fasp\u011bchy na cest\u011b<\/h2>\n\n\n\n<p class=\"wp-block-paragraph\">Braasi Industry \u010del\u00ed \u0159ad\u011b v\u00fdzev spojen\u00fdch s&nbsp;v\u00fdrobou v&nbsp;\u010cesk\u00e9 republice, zejm\u00e9na rostouc\u00edm n\u00e1klad\u016fm na pr\u00e1ci a&nbsp;energii. P\u0159esto se jim da\u0159\u00ed udr\u017eet produkci lok\u00e1ln\u00ed a&nbsp;nab\u00edzet produkty za rozumn\u00e9 ceny. Diskutuj\u00ed o&nbsp;tom, jak se jim poda\u0159ilo naj\u00edt rovnov\u00e1hu mezi kvalitou a&nbsp;cenou, a&nbsp;jak d\u016fle\u017eit\u00e9 je pro n\u011b udr\u017eet kontrolu nad cel\u00fdm procesem v\u00fdroby.<\/p>\n\n\n\n<h2 class=\"wp-block-heading\">Inovace a&nbsp;spolupr\u00e1ce<\/h2>\n\n\n\n<p class=\"wp-block-paragraph\">Eli\u0161ka a&nbsp;\u0160imon se neust\u00e1le sna\u017e\u00ed posouvat hranice toho, co je mo\u017en\u00e9. V podcastu se dozv\u00edte, jak\u00e9 nov\u00e9 produkty chystaj\u00ed, jak vyu\u017e\u00edvaj\u00ed 3D tisk v&nbsp;prototypov\u00e1n\u00ed a&nbsp;v\u00fdrob\u011b a&nbsp;jak\u00e9 spolupr\u00e1ce s&nbsp;dal\u0161\u00edmi zna\u010dkami je \u010dekaj\u00ed. Jejich p\u0159\u00edstup k&nbsp;inovac\u00edm je inspirov\u00e1n pot\u0159ebami z\u00e1kazn\u00edk\u016f a&nbsp;spoluprac\u00ed s&nbsp;dal\u0161\u00edmi kreativci.<\/p>\n\n\n\n<h2 class=\"wp-block-heading\">Vize do budoucna<\/h2>\n\n\n\n<p class=\"wp-block-paragraph\">Braasi Industry je zna\u010dka, kter\u00e1 se zam\u011b\u0159uje na udr\u017eitelnost, kvalitu a&nbsp;inovace. Eli\u0161ka a&nbsp;\u0160imon v\u011b\u0159\u00ed, \u017ee jejich produkty maj\u00ed potenci\u00e1l oslovit \u0161ir\u0161\u00ed publikum, a&nbsp;pl\u00e1nuj\u00ed dal\u0161\u00ed roz\u0161\u00ed\u0159en\u00ed sv\u00e9ho sortimentu. Diskutuj\u00ed o&nbsp;tom, jak se jejich zna\u010dka vyv\u00edj\u00ed a&nbsp;jak\u00e9 jsou jejich pl\u00e1ny do budoucna.<\/p>","protected":false},"excerpt":{"rendered":"<p>Nov\u00fd d\u00edl na\u0161eho podcastu, ve kter\u00e9m se zam\u011b\u0159ujeme na p\u0159\u00edb\u011bhy \u010desk\u00fdch startupist\u016f, je tady! V\u00a0t\u00e9to epizod\u011b se se\u0161li Eli\u0161ka Sl\u00e1mov\u00e1 a\u00a0\u0160imon Brabec, zakladatel\u00e9 zna\u010dky Braasi\u00a0Industry, aby se pod\u011blili o\u00a0svou fascinuj\u00edc\u00ed cestu sv\u011btem designu a\u00a0v\u00fdroby unik\u00e1tn\u00edch \u010desk\u00fdch batoh\u016f.<\/p>","protected":false},"author":1,"featured_media":32507,"comment_status":"closed","ping_status":"closed","sticky":false,"template":"","format":"standard","meta":{"footnotes":""},"categories":[101],"tags":[],"class_list":["post-32506","post","type-post","status-publish","format-standard","has-post-thumbnail","hentry","category-podcast"],"yoast_head":"<!-- This site is optimized with the Yoast SEO plugin v28.3 - https:\/\/yoast.com\/product\/yoast-seo-wordpress\/ -->\n<title>Ze sklepa do sv\u011bta #2: Nejen o\u00a0batoz\u00edch s\u00a0Eli\u0161kou Sl\u00e1movou a\u00a0\u0160imonem Brabcem z\u00a0Braasi Industry - PrusaLab<\/title>\n<meta name=\"robots\" content=\"index, follow, max-snippet:-1, max-image-preview:large, max-video-preview:-1\" \/>\n<link rel=\"canonical\" href=\"https:\/\/prusalab.cz\/en\/ze-sklepa-do-sveta-2-nejen-o-batozich-s-eliskou-slamovou-a-simonem-brabcem-z-braasi-industry\/\" \/>\n<meta property=\"og:locale\" content=\"en_GB\" \/>\n<meta property=\"og:type\" content=\"article\" \/>\n<meta property=\"og:title\" content=\"Ze sklepa do sv\u011bta #2: Nejen o\u00a0batoz\u00edch s\u00a0Eli\u0161kou Sl\u00e1movou a\u00a0\u0160imonem Brabcem z\u00a0Braasi Industry - PrusaLab\" \/>\n<meta property=\"og:description\" content=\"Nov\u00fd d\u00edl na\u0161eho podcastu, ve kter\u00e9m se zam\u011b\u0159ujeme na p\u0159\u00edb\u011bhy \u010desk\u00fdch startupist\u016f, je tady! V\u00a0t\u00e9to epizod\u011b se se\u0161li Eli\u0161ka Sl\u00e1mov\u00e1 a\u00a0\u0160imon Brabec, zakladatel\u00e9 zna\u010dky Braasi\u00a0Industry, aby se pod\u011blili o\u00a0svou fascinuj\u00edc\u00ed cestu sv\u011btem designu a\u00a0v\u00fdroby unik\u00e1tn\u00edch \u010desk\u00fdch batoh\u016f.\" \/>\n<meta property=\"og:url\" content=\"https:\/\/prusalab.cz\/en\/ze-sklepa-do-sveta-2-nejen-o-batozich-s-eliskou-slamovou-a-simonem-brabcem-z-braasi-industry\/\" \/>\n<meta property=\"og:site_name\" content=\"PrusaLab\" \/>\n<meta property=\"article:publisher\" content=\"https:\/\/www.facebook.com\/PrusaLab\" \/>\n<meta property=\"article:published_time\" content=\"2024-06-14T09:59:00+00:00\" \/>\n<meta property=\"og:image\" content=\"https:\/\/prusalab.cz\/wp-content\/uploads\/2024\/08\/MG_7879Podcast2a3M-scaled-1.jpg\" \/>\n\t<meta property=\"og:image:width\" content=\"2048\" \/>\n\t<meta property=\"og:image:height\" content=\"1365\" \/>\n\t<meta property=\"og:image:type\" content=\"image\/jpeg\" \/>\n<meta name=\"author\" content=\"admin\" \/>\n<meta name=\"twitter:card\" content=\"summary_large_image\" \/>\n<meta name=\"twitter:label1\" content=\"Written by\" \/>\n\t<meta name=\"twitter:data1\" content=\"admin\" \/>\n\t<meta name=\"twitter:label2\" content=\"Est. reading time\" \/>\n\t<meta name=\"twitter:data2\" content=\"3 minutes\" \/>\n<script type=\"application\/ld+json\" class=\"yoast-schema-graph\">{\"@context\":\"https:\\\/\\\/schema.org\",\"@graph\":[{\"@type\":\"Article\",\"@id\":\"https:\\\/\\\/prusalab.cz\\\/ze-sklepa-do-sveta-2-nejen-o-batozich-s-eliskou-slamovou-a-simonem-brabcem-z-braasi-industry\\\/#article\",\"isPartOf\":{\"@id\":\"https:\\\/\\\/prusalab.cz\\\/ze-sklepa-do-sveta-2-nejen-o-batozich-s-eliskou-slamovou-a-simonem-brabcem-z-braasi-industry\\\/\"},\"author\":{\"name\":\"admin\",\"@id\":\"https:\\\/\\\/prusalab.cz\\\/#\\\/schema\\\/person\\\/8ce07076a3fd999af15269abad8e738e\"},\"headline\":\"Ze sklepa do sv\u011bta #2: Nejen o\u00a0batoz\u00edch s\u00a0Eli\u0161kou Sl\u00e1movou a\u00a0\u0160imonem Brabcem z\u00a0Braasi Industry\",\"datePublished\":\"2024-06-14T09:59:00+00:00\",\"mainEntityOfPage\":{\"@id\":\"https:\\\/\\\/prusalab.cz\\\/ze-sklepa-do-sveta-2-nejen-o-batozich-s-eliskou-slamovou-a-simonem-brabcem-z-braasi-industry\\\/\"},\"wordCount\":590,\"publisher\":{\"@id\":\"https:\\\/\\\/prusalab.cz\\\/#organization\"},\"image\":{\"@id\":\"https:\\\/\\\/prusalab.cz\\\/ze-sklepa-do-sveta-2-nejen-o-batozich-s-eliskou-slamovou-a-simonem-brabcem-z-braasi-industry\\\/#primaryimage\"},\"thumbnailUrl\":\"https:\\\/\\\/prusalab.cz\\\/wp-content\\\/uploads\\\/2024\\\/08\\\/MG_7879Podcast2a3M-scaled-1.jpg\",\"articleSection\":[\"Podcast\"],\"inLanguage\":\"en-GB\"},{\"@type\":\"WebPage\",\"@id\":\"https:\\\/\\\/prusalab.cz\\\/ze-sklepa-do-sveta-2-nejen-o-batozich-s-eliskou-slamovou-a-simonem-brabcem-z-braasi-industry\\\/\",\"url\":\"https:\\\/\\\/prusalab.cz\\\/ze-sklepa-do-sveta-2-nejen-o-batozich-s-eliskou-slamovou-a-simonem-brabcem-z-braasi-industry\\\/\",\"name\":\"Ze sklepa do sv\u011bta #2: Nejen o\u00a0batoz\u00edch s\u00a0Eli\u0161kou Sl\u00e1movou a\u00a0\u0160imonem Brabcem z\u00a0Braasi Industry - PrusaLab\",\"isPartOf\":{\"@id\":\"https:\\\/\\\/prusalab.cz\\\/#website\"},\"primaryImageOfPage\":{\"@id\":\"https:\\\/\\\/prusalab.cz\\\/ze-sklepa-do-sveta-2-nejen-o-batozich-s-eliskou-slamovou-a-simonem-brabcem-z-braasi-industry\\\/#primaryimage\"},\"image\":{\"@id\":\"https:\\\/\\\/prusalab.cz\\\/ze-sklepa-do-sveta-2-nejen-o-batozich-s-eliskou-slamovou-a-simonem-brabcem-z-braasi-industry\\\/#primaryimage\"},\"thumbnailUrl\":\"https:\\\/\\\/prusalab.cz\\\/wp-content\\\/uploads\\\/2024\\\/08\\\/MG_7879Podcast2a3M-scaled-1.jpg\",\"datePublished\":\"2024-06-14T09:59:00+00:00\",\"breadcrumb\":{\"@id\":\"https:\\\/\\\/prusalab.cz\\\/ze-sklepa-do-sveta-2-nejen-o-batozich-s-eliskou-slamovou-a-simonem-brabcem-z-braasi-industry\\\/#breadcrumb\"},\"inLanguage\":\"en-GB\",\"potentialAction\":[{\"@type\":\"ReadAction\",\"target\":[\"https:\\\/\\\/prusalab.cz\\\/ze-sklepa-do-sveta-2-nejen-o-batozich-s-eliskou-slamovou-a-simonem-brabcem-z-braasi-industry\\\/\"]}]},{\"@type\":\"ImageObject\",\"inLanguage\":\"en-GB\",\"@id\":\"https:\\\/\\\/prusalab.cz\\\/ze-sklepa-do-sveta-2-nejen-o-batozich-s-eliskou-slamovou-a-simonem-brabcem-z-braasi-industry\\\/#primaryimage\",\"url\":\"https:\\\/\\\/prusalab.cz\\\/wp-content\\\/uploads\\\/2024\\\/08\\\/MG_7879Podcast2a3M-scaled-1.jpg\",\"contentUrl\":\"https:\\\/\\\/prusalab.cz\\\/wp-content\\\/uploads\\\/2024\\\/08\\\/MG_7879Podcast2a3M-scaled-1.jpg\",\"width\":2048,\"height\":1365},{\"@type\":\"BreadcrumbList\",\"@id\":\"https:\\\/\\\/prusalab.cz\\\/ze-sklepa-do-sveta-2-nejen-o-batozich-s-eliskou-slamovou-a-simonem-brabcem-z-braasi-industry\\\/#breadcrumb\",\"itemListElement\":[{\"@type\":\"ListItem\",\"position\":1,\"name\":\"Dom\u016f\",\"item\":\"https:\\\/\\\/prusalab.cz\\\/\"},{\"@type\":\"ListItem\",\"position\":2,\"name\":\"Ze sklepa do sv\u011bta #2: Nejen o\u00a0batoz\u00edch s\u00a0Eli\u0161kou Sl\u00e1movou a\u00a0\u0160imonem Brabcem z\u00a0Braasi Industry\"}]},{\"@type\":\"WebSite\",\"@id\":\"https:\\\/\\\/prusalab.cz\\\/#website\",\"url\":\"https:\\\/\\\/prusalab.cz\\\/\",\"name\":\"PrusaLab\",\"description\":\"Hi-tech prototypov\u00e1 d\u00edlna v pra\u017esk\u00fdch Hole\u0161ovic\u00edch\",\"publisher\":{\"@id\":\"https:\\\/\\\/prusalab.cz\\\/#organization\"},\"potentialAction\":[{\"@type\":\"SearchAction\",\"target\":{\"@type\":\"EntryPoint\",\"urlTemplate\":\"https:\\\/\\\/prusalab.cz\\\/?s={search_term_string}\"},\"query-input\":{\"@type\":\"PropertyValueSpecification\",\"valueRequired\":true,\"valueName\":\"search_term_string\"}}],\"inLanguage\":\"en-GB\"},{\"@type\":\"Organization\",\"@id\":\"https:\\\/\\\/prusalab.cz\\\/#organization\",\"name\":\"PrusaLab\",\"url\":\"https:\\\/\\\/prusalab.cz\\\/\",\"logo\":{\"@type\":\"ImageObject\",\"inLanguage\":\"en-GB\",\"@id\":\"https:\\\/\\\/prusalab.cz\\\/#\\\/schema\\\/logo\\\/image\\\/\",\"url\":\"https:\\\/\\\/prusalab.cz\\\/wp-content\\\/uploads\\\/2026\\\/02\\\/logo-1.svg\",\"contentUrl\":\"https:\\\/\\\/prusalab.cz\\\/wp-content\\\/uploads\\\/2026\\\/02\\\/logo-1.svg\",\"width\":1116,\"height\":187,\"caption\":\"PrusaLab\"},\"image\":{\"@id\":\"https:\\\/\\\/prusalab.cz\\\/#\\\/schema\\\/logo\\\/image\\\/\"},\"sameAs\":[\"https:\\\/\\\/www.facebook.com\\\/PrusaLab\",\"https:\\\/\\\/www.instagram.com\\\/prusalab\",\"https:\\\/\\\/www.youtube.com\\\/@PrusaLab\"]},{\"@type\":\"Person\",\"@id\":\"https:\\\/\\\/prusalab.cz\\\/#\\\/schema\\\/person\\\/8ce07076a3fd999af15269abad8e738e\",\"name\":\"admin\",\"image\":{\"@type\":\"ImageObject\",\"inLanguage\":\"en-GB\",\"@id\":\"https:\\\/\\\/secure.gravatar.com\\\/avatar\\\/3a21ed637fec367b08a32ea051a22acfc0c074b7d724abf5ad0bc4b49657b9f8?s=96&d=mm&r=g\",\"url\":\"https:\\\/\\\/secure.gravatar.com\\\/avatar\\\/3a21ed637fec367b08a32ea051a22acfc0c074b7d724abf5ad0bc4b49657b9f8?s=96&d=mm&r=g\",\"contentUrl\":\"https:\\\/\\\/secure.gravatar.com\\\/avatar\\\/3a21ed637fec367b08a32ea051a22acfc0c074b7d724abf5ad0bc4b49657b9f8?s=96&d=mm&r=g\",\"caption\":\"admin\"},\"sameAs\":[\"https:\\\/\\\/prusalab.cz\"],\"url\":\"https:\\\/\\\/prusalab.cz\\\/en\\\/author\\\/admin\\\/\"}]}<\/script>\n<!-- \/ Yoast SEO plugin. -->","yoast_head_json":{"title":"Ze sklepa do sv\u011bta #2: Nejen o\u00a0batoz\u00edch s\u00a0Eli\u0161kou Sl\u00e1movou a\u00a0\u0160imonem Brabcem z\u00a0Braasi Industry - PrusaLab","robots":{"index":"index","follow":"follow","max-snippet":"max-snippet:-1","max-image-preview":"max-image-preview:large","max-video-preview":"max-video-preview:-1"},"canonical":"https:\/\/prusalab.cz\/en\/ze-sklepa-do-sveta-2-nejen-o-batozich-s-eliskou-slamovou-a-simonem-brabcem-z-braasi-industry\/","og_locale":"en_GB","og_type":"article","og_title":"Ze sklepa do sv\u011bta #2: Nejen o\u00a0batoz\u00edch s\u00a0Eli\u0161kou Sl\u00e1movou a\u00a0\u0160imonem Brabcem z\u00a0Braasi Industry - PrusaLab","og_description":"Nov\u00fd d\u00edl na\u0161eho podcastu, ve kter\u00e9m se zam\u011b\u0159ujeme na p\u0159\u00edb\u011bhy \u010desk\u00fdch startupist\u016f, je tady! V\u00a0t\u00e9to epizod\u011b se se\u0161li Eli\u0161ka Sl\u00e1mov\u00e1 a\u00a0\u0160imon Brabec, zakladatel\u00e9 zna\u010dky Braasi\u00a0Industry, aby se pod\u011blili o\u00a0svou fascinuj\u00edc\u00ed cestu sv\u011btem designu a\u00a0v\u00fdroby unik\u00e1tn\u00edch \u010desk\u00fdch batoh\u016f.","og_url":"https:\/\/prusalab.cz\/en\/ze-sklepa-do-sveta-2-nejen-o-batozich-s-eliskou-slamovou-a-simonem-brabcem-z-braasi-industry\/","og_site_name":"PrusaLab","article_publisher":"https:\/\/www.facebook.com\/PrusaLab","article_published_time":"2024-06-14T09:59:00+00:00","og_image":[{"width":2048,"height":1365,"url":"https:\/\/prusalab.cz\/wp-content\/uploads\/2024\/08\/MG_7879Podcast2a3M-scaled-1.jpg","type":"image\/jpeg"}],"author":"admin","twitter_card":"summary_large_image","twitter_misc":{"Written by":"admin","Est. reading time":"3 minutes"},"schema":{"@context":"https:\/\/schema.org","@graph":[{"@type":"Article","@id":"https:\/\/prusalab.cz\/ze-sklepa-do-sveta-2-nejen-o-batozich-s-eliskou-slamovou-a-simonem-brabcem-z-braasi-industry\/#article","isPartOf":{"@id":"https:\/\/prusalab.cz\/ze-sklepa-do-sveta-2-nejen-o-batozich-s-eliskou-slamovou-a-simonem-brabcem-z-braasi-industry\/"},"author":{"name":"admin","@id":"https:\/\/prusalab.cz\/#\/schema\/person\/8ce07076a3fd999af15269abad8e738e"},"headline":"Ze sklepa do sv\u011bta #2: Nejen o\u00a0batoz\u00edch s\u00a0Eli\u0161kou Sl\u00e1movou a\u00a0\u0160imonem Brabcem z\u00a0Braasi Industry","datePublished":"2024-06-14T09:59:00+00:00","mainEntityOfPage":{"@id":"https:\/\/prusalab.cz\/ze-sklepa-do-sveta-2-nejen-o-batozich-s-eliskou-slamovou-a-simonem-brabcem-z-braasi-industry\/"},"wordCount":590,"publisher":{"@id":"https:\/\/prusalab.cz\/#organization"},"image":{"@id":"https:\/\/prusalab.cz\/ze-sklepa-do-sveta-2-nejen-o-batozich-s-eliskou-slamovou-a-simonem-brabcem-z-braasi-industry\/#primaryimage"},"thumbnailUrl":"https:\/\/prusalab.cz\/wp-content\/uploads\/2024\/08\/MG_7879Podcast2a3M-scaled-1.jpg","articleSection":["Podcast"],"inLanguage":"en-GB"},{"@type":"WebPage","@id":"https:\/\/prusalab.cz\/ze-sklepa-do-sveta-2-nejen-o-batozich-s-eliskou-slamovou-a-simonem-brabcem-z-braasi-industry\/","url":"https:\/\/prusalab.cz\/ze-sklepa-do-sveta-2-nejen-o-batozich-s-eliskou-slamovou-a-simonem-brabcem-z-braasi-industry\/","name":"Ze sklepa do sv\u011bta #2: Nejen o\u00a0batoz\u00edch s\u00a0Eli\u0161kou Sl\u00e1movou a\u00a0\u0160imonem Brabcem z\u00a0Braasi Industry - PrusaLab","isPartOf":{"@id":"https:\/\/prusalab.cz\/#website"},"primaryImageOfPage":{"@id":"https:\/\/prusalab.cz\/ze-sklepa-do-sveta-2-nejen-o-batozich-s-eliskou-slamovou-a-simonem-brabcem-z-braasi-industry\/#primaryimage"},"image":{"@id":"https:\/\/prusalab.cz\/ze-sklepa-do-sveta-2-nejen-o-batozich-s-eliskou-slamovou-a-simonem-brabcem-z-braasi-industry\/#primaryimage"},"thumbnailUrl":"https:\/\/prusalab.cz\/wp-content\/uploads\/2024\/08\/MG_7879Podcast2a3M-scaled-1.jpg","datePublished":"2024-06-14T09:59:00+00:00","breadcrumb":{"@id":"https:\/\/prusalab.cz\/ze-sklepa-do-sveta-2-nejen-o-batozich-s-eliskou-slamovou-a-simonem-brabcem-z-braasi-industry\/#breadcrumb"},"inLanguage":"en-GB","potentialAction":[{"@type":"ReadAction","target":["https:\/\/prusalab.cz\/ze-sklepa-do-sveta-2-nejen-o-batozich-s-eliskou-slamovou-a-simonem-brabcem-z-braasi-industry\/"]}]},{"@type":"ImageObject","inLanguage":"en-GB","@id":"https:\/\/prusalab.cz\/ze-sklepa-do-sveta-2-nejen-o-batozich-s-eliskou-slamovou-a-simonem-brabcem-z-braasi-industry\/#primaryimage","url":"https:\/\/prusalab.cz\/wp-content\/uploads\/2024\/08\/MG_7879Podcast2a3M-scaled-1.jpg","contentUrl":"https:\/\/prusalab.cz\/wp-content\/uploads\/2024\/08\/MG_7879Podcast2a3M-scaled-1.jpg","width":2048,"height":1365},{"@type":"BreadcrumbList","@id":"https:\/\/prusalab.cz\/ze-sklepa-do-sveta-2-nejen-o-batozich-s-eliskou-slamovou-a-simonem-brabcem-z-braasi-industry\/#breadcrumb","itemListElement":[{"@type":"ListItem","position":1,"name":"Dom\u016f","item":"https:\/\/prusalab.cz\/"},{"@type":"ListItem","position":2,"name":"Ze sklepa do sv\u011bta #2: Nejen o\u00a0batoz\u00edch s\u00a0Eli\u0161kou Sl\u00e1movou a\u00a0\u0160imonem Brabcem z\u00a0Braasi Industry"}]},{"@type":"WebSite","@id":"https:\/\/prusalab.cz\/#website","url":"https:\/\/prusalab.cz\/","name":"PrusaLab","description":"High-tech prototype workshop in Prague's Hole\u0161ovice","publisher":{"@id":"https:\/\/prusalab.cz\/#organization"},"potentialAction":[{"@type":"SearchAction","target":{"@type":"EntryPoint","urlTemplate":"https:\/\/prusalab.cz\/?s={search_term_string}"},"query-input":{"@type":"PropertyValueSpecification","valueRequired":true,"valueName":"search_term_string"}}],"inLanguage":"en-GB"},{"@type":"Organization","@id":"https:\/\/prusalab.cz\/#organization","name":"PrusaLab","url":"https:\/\/prusalab.cz\/","logo":{"@type":"ImageObject","inLanguage":"en-GB","@id":"https:\/\/prusalab.cz\/#\/schema\/logo\/image\/","url":"https:\/\/prusalab.cz\/wp-content\/uploads\/2026\/02\/logo-1.svg","contentUrl":"https:\/\/prusalab.cz\/wp-content\/uploads\/2026\/02\/logo-1.svg","width":1116,"height":187,"caption":"PrusaLab"},"image":{"@id":"https:\/\/prusalab.cz\/#\/schema\/logo\/image\/"},"sameAs":["https:\/\/www.facebook.com\/PrusaLab","https:\/\/www.instagram.com\/prusalab","https:\/\/www.youtube.com\/@PrusaLab"]},{"@type":"Person","@id":"https:\/\/prusalab.cz\/#\/schema\/person\/8ce07076a3fd999af15269abad8e738e","name":"administrator","image":{"@type":"ImageObject","inLanguage":"en-GB","@id":"https:\/\/secure.gravatar.com\/avatar\/3a21ed637fec367b08a32ea051a22acfc0c074b7d724abf5ad0bc4b49657b9f8?s=96&d=mm&r=g","url":"https:\/\/secure.gravatar.com\/avatar\/3a21ed637fec367b08a32ea051a22acfc0c074b7d724abf5ad0bc4b49657b9f8?s=96&d=mm&r=g","contentUrl":"https:\/\/secure.gravatar.com\/avatar\/3a21ed637fec367b08a32ea051a22acfc0c074b7d724abf5ad0bc4b49657b9f8?s=96&d=mm&r=g","caption":"admin"},"sameAs":["https:\/\/prusalab.cz"],"url":"https:\/\/prusalab.cz\/en\/author\/admin\/"}]}},"_links":{"self":[{"href":"https:\/\/prusalab.cz\/en\/wp-json\/wp\/v2\/posts\/32506","targetHints":{"allow":["GET"]}}],"collection":[{"href":"https:\/\/prusalab.cz\/en\/wp-json\/wp\/v2\/posts"}],"about":[{"href":"https:\/\/prusalab.cz\/en\/wp-json\/wp\/v2\/types\/post"}],"author":[{"embeddable":true,"href":"https:\/\/prusalab.cz\/en\/wp-json\/wp\/v2\/users\/1"}],"replies":[{"embeddable":true,"href":"https:\/\/prusalab.cz\/en\/wp-json\/wp\/v2\/comments?post=32506"}],"version-history":[{"count":0,"href":"https:\/\/prusalab.cz\/en\/wp-json\/wp\/v2\/posts\/32506\/revisions"}],"wp:featuredmedia":[{"embeddable":true,"href":"https:\/\/prusalab.cz\/en\/wp-json\/wp\/v2\/media\/32507"}],"wp:attachment":[{"href":"https:\/\/prusalab.cz\/en\/wp-json\/wp\/v2\/media?parent=32506"}],"wp:term":[{"taxonomy":"category","embeddable":true,"href":"https:\/\/prusalab.cz\/en\/wp-json\/wp\/v2\/categories?post=32506"},{"taxonomy":"post_tag","embeddable":true,"href":"https:\/\/prusalab.cz\/en\/wp-json\/wp\/v2\/tags?post=32506"}],"curies":[{"name":"wp","href":"https:\/\/api.w.org\/{rel}","templated":true}]}}