{"id":31835,"date":"2024-07-09T13:13:05","date_gmt":"2024-07-09T12:13:05","guid":{"rendered":"https:\/\/prusalab.cz\/?p=31835"},"modified":"2024-07-09T13:13:05","modified_gmt":"2024-07-09T12:13:05","slug":"metronome-prague-2024-michal-gabriel-prusa-pro-afs-a-hlavy-navstevniku","status":"publish","type":"post","link":"https:\/\/prusalab.cz\/en\/metronome-prague-2024-michal-gabriel-prusa-pro-afs-a-hlavy-navstevniku\/","title":{"rendered":"Metronome Prague 2024: Michal Gabriel, Prusa Pro AFS and visitors\u201e \u201cHEADS\""},"content":{"rendered":"<p class=\"wp-block-paragraph\">Na \u010dervnov\u00e9m hudebn\u00edm festivalu <strong>Metronome\u00a0Prague\u00a02024<\/strong> se ka\u017ed\u00fd, kdo zav\u00edtal do <strong>Met\u00a0Gallery<\/strong>,<strong> <\/strong>mohl st\u00e1t sou\u010d\u00e1st\u00ed na m\u00edst\u011b vznikaj\u00edc\u00edho um\u011bleck\u00e9ho d\u00edla \u201e<strong>HLAVY<\/strong>\u201c v\u00fdznamn\u00e9ho \u010desk\u00e9ho socha\u0159e, profesora <strong>Michala\u00a0Gabriela<\/strong>. Reli\u00e9fn\u00ed portr\u00e9ty dobrovoln\u00edk\u016f z\u00a0\u0159ad n\u00e1v\u0161t\u011bvn\u00edk\u016f vznikaly v\u00a0automatick\u00e9 tiskov\u00e9 farm\u011b <strong>Prusa\u00a0Pro\u00a0AFS<\/strong> a\u00a0postupn\u011b zaplnily celou st\u011bnu instalace.<\/p>\n\n\n\n<figure class=\"gb-block-image gb-block-image-0d1d3edb\"><img decoding=\"async\" class=\"gb-image gb-image-0d1d3edb\" src=\"https:\/\/prusalab.cz\/wp-content\/uploads\/2024\/07\/DSC8807_web-1024x842.jpg\" alt=\"\" title=\"_DSC8807_web\"\/>\n<figcaption class=\"gb-headline gb-headline-d03ef3a5 gb-headline-text\">HLAVY \u2013 Michal Gabriel a PrusaLab, Metronome 2024 (foto: Ond\u0159ej Pol\u00e1k)<\/figcaption>\n<\/figure>\n\n\n\n<p class=\"wp-block-paragraph\"><strong>HLAVY<\/strong> \u2013\u00a0spole\u010dn\u00fd projekt <strong>Michala Gabriela<\/strong>, <strong>Metronome Festivalu<\/strong>, <strong>Marka Gregora<\/strong> a\u00a0<strong>PrusaLabu<\/strong> \u2013\u00a0nakonec p\u0159edstavil t\u00e9m\u011b\u0159 devades\u00e1t 3D\u00a0ti\u0161t\u011bn\u00fdch reli\u00e9fn\u00edch portr\u00e9t\u016f n\u00e1v\u0161t\u011bvn\u00edk\u016f festivalu, v\u010detn\u011b v\u00fdznamn\u00fdch osobnost\u00ed z\u00a0nejr\u016fzn\u011bj\u0161\u00edch obor\u016f spole\u010densk\u00e9ho a\u00a0kulturn\u00edho \u017eivota, jako jsou nap\u0159\u00edklad Ester Ledeck\u00e1, Oto Klemp\u00ed\u0159, Michael Koc\u00e1b, Michal Hor\u00e1\u010dek nebo Radek \u0160picar.\u00a0<\/p>\n\n\n\n<p class=\"wp-block-paragraph\">3D modely nevznikaly pouze skenov\u00e1n\u00edm \u2013&nbsp;Michal Gabriel a&nbsp;jeho syn Martin Gabriel pou\u017eili vstupn\u00ed data jako p\u0159edlohu, podle kter\u00e9 ka\u017ed\u00fd jednotliv\u00fd reli\u00e9fn\u00ed portr\u00e9t sami digit\u00e1ln\u011b \u201evysochali\u201c. N\u00e1\u0161 t\u00fdm se pak postaral o&nbsp;p\u0159\u00edpravu do tisku a&nbsp;samotnou v\u00fdrobu.<\/p>\n\n\n\n<p class=\"wp-block-paragraph\">U\u017e p\u0159ed p\u0159\u00edchodem prvn\u00edho n\u00e1v\u0161t\u011bvn\u00edka obsahovala st\u011bna n\u011bkolik podobizen historick\u00fdch i&nbsp;sou\u010dasn\u00fdch osobnost\u00ed (V\u00e1clav Havel, Ji\u0159\u00ed Fajt nebo Franti\u0161ek Sk\u00e1la), kter\u00e9 byly um\u011blecky stylizovan\u00e9 redukov\u00e1n\u00edm detail\u016f. Host\u00e9 tak mohli hravou formou pozn\u00e1vat, s&nbsp;kter\u00fdm velik\u00e1nem bude jejich pr\u00e1v\u011b vznikaj\u00edc\u00ed podobizna sousedit.<\/p>\n\n\n\n\n\n<p class=\"has-text-align-center gutenslider-content-initial has-larger-font-size wp-block-paragraph\"><\/p>\n\n\n\n\n\n<p class=\"has-text-align-center gutenslider-content-initial has-larger-font-size wp-block-paragraph\"><\/p>\n\n\n\n\n\n<p class=\"has-text-align-center gutenslider-content-initial has-larger-font-size wp-block-paragraph\"><\/p>\n\n\n\n\n\n<p class=\"has-text-align-center gutenslider-content-initial has-larger-font-size wp-block-paragraph\"><\/p>\n\n\n\n\n\n<p class=\"has-text-align-center gutenslider-content-initial has-larger-font-size wp-block-paragraph\"><\/p>\n\n\n\n\n\n<p class=\"has-text-align-center gutenslider-content-initial has-larger-font-size wp-block-paragraph\"><\/p>\n\n\n\n\n\n<p class=\"has-text-align-center gutenslider-content-initial has-larger-font-size wp-block-paragraph\"><\/p>\n\n\n\n\n\n<p class=\"has-text-align-center gutenslider-content-initial has-larger-font-size wp-block-paragraph\"><\/p>\n\n\n\n\n\n<p class=\"has-text-align-center gutenslider-content-initial has-larger-font-size wp-block-paragraph\"><\/p>\n\n\n\n\n\n<p class=\"has-text-align-center gutenslider-content-initial has-larger-font-size wp-block-paragraph\"><\/p>\n\n\n\n\n\n<p class=\"has-text-align-center gutenslider-content-initial has-larger-font-size wp-block-paragraph\"><\/p>\n\n\n\n\n\n<p class=\"has-text-align-center gutenslider-content-initial has-larger-font-size wp-block-paragraph\"><\/p>\n\n\n\n\n\n<p class=\"has-text-align-center gutenslider-content-initial has-larger-font-size wp-block-paragraph\"><\/p>\n\n\n\n\n\n<p class=\"has-text-align-center gutenslider-content-initial has-larger-font-size wp-block-paragraph\"><\/p>\n\n\n\n\n\n<p class=\"has-text-align-center gutenslider-content-initial has-larger-font-size wp-block-paragraph\"><\/p>\n\n\n\n\n\n<p class=\"wp-block-paragraph\"><\/p>\n\n\n\n<h2 class=\"wp-block-heading\">Technologie v um\u011bn\u00ed<\/h2>\n\n\n\n<p class=\"wp-block-paragraph\">O samotn\u00fd 3D\u00a0tisk se starala p\u0159edev\u0161\u00edm automatick\u00e1 tiskov\u00e1 farma <strong>Prusa\u00a0Pro AFS<\/strong>, ale tak\u00e9 n\u011bkolik tisk\u00e1ren <strong>Original\u00a0Prusa\u00a0XL<\/strong> a <strong>Original\u00a0Prusa\u00a0MK4<\/strong>. Tento proces nejen\u017ee demonstroval technologick\u00e9 schopnosti tisk\u00e1ren Prusa, ale tak\u00e9 uk\u00e1zal, jak mohou technologie slou\u017eit um\u011bn\u00ed a\u00a0tvo\u0159ivosti, p\u0159edev\u0161\u00edm nov\u00e9mu um\u011bleck\u00e9mu oboru \u2013\u00a0digit\u00e1ln\u00edmu socha\u0159stv\u00ed.<\/p>\n\n\n\n<figure class=\"gb-block-image gb-block-image-68b842f1\"><img decoding=\"async\" class=\"gb-image gb-image-68b842f1\" src=\"https:\/\/prusalab.cz\/wp-content\/uploads\/2024\/07\/24-06-21-Lea-Decroix-PrusaLab-Metronome-083-1024x684.jpg\" alt=\"\" title=\"24-06-21 - Le'a Decroix - PrusaLab Metronome 083\"\/>\n<figcaption class=\"gb-headline gb-headline-51a1fa48 gb-headline-text\">HLAVY \u2013 Michal Gabriel a PrusaLab, Metronome 2024 (foto: L\u00e9a Decroix)<\/figcaption>\n<\/figure>\n\n\n\n<h2 class=\"wp-block-heading\">Pod\u011bkov\u00e1n\u00ed<\/h2>\n\n\n\n<p class=\"wp-block-paragraph\">D\u011bkujeme v\u0161em, kte\u0159\u00ed se pod\u00edleli na \u00fasp\u011bchu na\u0161\u00ed \u00fa\u010dasti na Metronome Prague 2024 \u2013&nbsp;na\u0161im partner\u016fm, t\u00fdmu a&nbsp;samoz\u0159ejm\u011b v\u0161em n\u00e1v\u0161t\u011bvn\u00edk\u016fm. Byla to pro n\u00e1s skv\u011bl\u00e1 p\u0159\u00edle\u017eitost uk\u00e1zat, jak modern\u00ed technologie mohou b\u00fdt integrov\u00e1ny do um\u011bleck\u00fdch projekt\u016f a&nbsp;jak mohou inspirovat \u0161irokou ve\u0159ejnost.<\/p>\n\n\n\n<p class=\"wp-block-paragraph\">T\u011b\u0161\u00edme se na dal\u0161\u00ed p\u0159\u00edle\u017eitosti, kde budeme moci p\u0159edv\u00e9st na\u0161e inovace a\u00a0spolupracovat na jedine\u010dn\u00fdch projektech. D\u011bkujeme, \u017ee jste byli sou\u010d\u00e1st\u00ed t\u00e9to ud\u00e1losti!<\/p>","protected":false},"excerpt":{"rendered":"<p>Na pra\u017esk\u00e9m festivalu Metronome Prague 2024 se p\u0159edstavila spole\u010dn\u00e1 um\u011blecko-technologick\u00e1 instalace Michala Gabriela a PrusaLabu s n\u00e1zvem HLAVY. <\/p>","protected":false},"author":1,"featured_media":31870,"comment_status":"closed","ping_status":"closed","sticky":false,"template":"","format":"standard","meta":{"footnotes":""},"categories":[79,86,91],"tags":[],"class_list":["post-31835","post","type-post","status-publish","format-standard","has-post-thumbnail","hentry","category-instalace","category-novinky","category-udalosti"],"yoast_head":"<!-- This site is optimized with the Yoast SEO plugin v28.3 - https:\/\/yoast.com\/product\/yoast-seo-wordpress\/ -->\n<title>Metronome Prague 2024: Michal Gabriel, Prusa Pro AFS a \u201eHLAVY\u201c n\u00e1v\u0161t\u011bvn\u00edk\u016f - PrusaLab<\/title>\n<meta name=\"description\" content=\"Na pra\u017esk\u00e9m festivalu Metronome Prague 2024 se p\u0159edstavila spole\u010dn\u00e1 um\u011blecko-technologick\u00e1 instalace Michala Gabriela a PrusaLabu s n\u00e1zvem HLAVY.\" \/>\n<meta name=\"robots\" content=\"index, follow, max-snippet:-1, max-image-preview:large, max-video-preview:-1\" \/>\n<link rel=\"canonical\" href=\"https:\/\/prusalab.cz\/en\/metronome-prague-2024-michal-gabriel-prusa-pro-afs-a-hlavy-navstevniku\/\" \/>\n<meta property=\"og:locale\" content=\"en_GB\" \/>\n<meta property=\"og:type\" content=\"article\" \/>\n<meta property=\"og:title\" content=\"Metronome Prague 2024: Michal Gabriel, Prusa Pro AFS a \u201eHLAVY\u201c n\u00e1v\u0161t\u011bvn\u00edk\u016f - PrusaLab\" \/>\n<meta property=\"og:description\" content=\"Na pra\u017esk\u00e9m festivalu Metronome Prague 2024 se p\u0159edstavila spole\u010dn\u00e1 um\u011blecko-technologick\u00e1 instalace Michala Gabriela a PrusaLabu s n\u00e1zvem HLAVY.\" \/>\n<meta property=\"og:url\" content=\"https:\/\/prusalab.cz\/en\/metronome-prague-2024-michal-gabriel-prusa-pro-afs-a-hlavy-navstevniku\/\" \/>\n<meta property=\"og:site_name\" content=\"PrusaLab\" \/>\n<meta property=\"article:publisher\" content=\"https:\/\/www.facebook.com\/PrusaLab\" \/>\n<meta property=\"article:published_time\" content=\"2024-07-09T12:13:05+00:00\" \/>\n<meta property=\"og:image\" content=\"https:\/\/prusalab.cz\/wp-content\/uploads\/2024\/07\/DSC8751_web-scaled-1.jpg\" \/>\n\t<meta property=\"og:image:width\" content=\"2048\" \/>\n\t<meta property=\"og:image:height\" content=\"1037\" \/>\n\t<meta property=\"og:image:type\" content=\"image\/jpeg\" \/>\n<meta name=\"author\" content=\"admin\" \/>\n<meta name=\"twitter:card\" content=\"summary_large_image\" \/>\n<meta name=\"twitter:label1\" content=\"Written by\" \/>\n\t<meta name=\"twitter:data1\" content=\"admin\" \/>\n\t<meta name=\"twitter:label2\" content=\"Est. reading time\" \/>\n\t<meta name=\"twitter:data2\" content=\"2 minutes\" \/>\n<script type=\"application\/ld+json\" class=\"yoast-schema-graph\">{\"@context\":\"https:\\\/\\\/schema.org\",\"@graph\":[{\"@type\":\"Article\",\"@id\":\"https:\\\/\\\/prusalab.cz\\\/metronome-prague-2024-michal-gabriel-prusa-pro-afs-a-hlavy-navstevniku\\\/#article\",\"isPartOf\":{\"@id\":\"https:\\\/\\\/prusalab.cz\\\/metronome-prague-2024-michal-gabriel-prusa-pro-afs-a-hlavy-navstevniku\\\/\"},\"author\":{\"name\":\"admin\",\"@id\":\"https:\\\/\\\/prusalab.cz\\\/#\\\/schema\\\/person\\\/8ce07076a3fd999af15269abad8e738e\"},\"headline\":\"Metronome Prague 2024: Michal Gabriel, Prusa Pro AFS a \u201eHLAVY\u201c n\u00e1v\u0161t\u011bvn\u00edk\u016f\",\"datePublished\":\"2024-07-09T12:13:05+00:00\",\"mainEntityOfPage\":{\"@id\":\"https:\\\/\\\/prusalab.cz\\\/metronome-prague-2024-michal-gabriel-prusa-pro-afs-a-hlavy-navstevniku\\\/\"},\"wordCount\":473,\"publisher\":{\"@id\":\"https:\\\/\\\/prusalab.cz\\\/#organization\"},\"image\":{\"@id\":\"https:\\\/\\\/prusalab.cz\\\/metronome-prague-2024-michal-gabriel-prusa-pro-afs-a-hlavy-navstevniku\\\/#primaryimage\"},\"thumbnailUrl\":\"https:\\\/\\\/prusalab.cz\\\/wp-content\\\/uploads\\\/2024\\\/07\\\/DSC8751_web-scaled-1.jpg\",\"articleSection\":[\"Instalace\",\"Novinky\",\"Ud\u00e1losti\"],\"inLanguage\":\"en-GB\"},{\"@type\":\"WebPage\",\"@id\":\"https:\\\/\\\/prusalab.cz\\\/metronome-prague-2024-michal-gabriel-prusa-pro-afs-a-hlavy-navstevniku\\\/\",\"url\":\"https:\\\/\\\/prusalab.cz\\\/metronome-prague-2024-michal-gabriel-prusa-pro-afs-a-hlavy-navstevniku\\\/\",\"name\":\"Metronome Prague 2024: Michal Gabriel, Prusa Pro AFS a \u201eHLAVY\u201c n\u00e1v\u0161t\u011bvn\u00edk\u016f - PrusaLab\",\"isPartOf\":{\"@id\":\"https:\\\/\\\/prusalab.cz\\\/#website\"},\"primaryImageOfPage\":{\"@id\":\"https:\\\/\\\/prusalab.cz\\\/metronome-prague-2024-michal-gabriel-prusa-pro-afs-a-hlavy-navstevniku\\\/#primaryimage\"},\"image\":{\"@id\":\"https:\\\/\\\/prusalab.cz\\\/metronome-prague-2024-michal-gabriel-prusa-pro-afs-a-hlavy-navstevniku\\\/#primaryimage\"},\"thumbnailUrl\":\"https:\\\/\\\/prusalab.cz\\\/wp-content\\\/uploads\\\/2024\\\/07\\\/DSC8751_web-scaled-1.jpg\",\"datePublished\":\"2024-07-09T12:13:05+00:00\",\"description\":\"Na pra\u017esk\u00e9m festivalu Metronome Prague 2024 se p\u0159edstavila spole\u010dn\u00e1 um\u011blecko-technologick\u00e1 instalace Michala Gabriela a PrusaLabu s n\u00e1zvem HLAVY.\",\"breadcrumb\":{\"@id\":\"https:\\\/\\\/prusalab.cz\\\/metronome-prague-2024-michal-gabriel-prusa-pro-afs-a-hlavy-navstevniku\\\/#breadcrumb\"},\"inLanguage\":\"en-GB\",\"potentialAction\":[{\"@type\":\"ReadAction\",\"target\":[\"https:\\\/\\\/prusalab.cz\\\/metronome-prague-2024-michal-gabriel-prusa-pro-afs-a-hlavy-navstevniku\\\/\"]}]},{\"@type\":\"ImageObject\",\"inLanguage\":\"en-GB\",\"@id\":\"https:\\\/\\\/prusalab.cz\\\/metronome-prague-2024-michal-gabriel-prusa-pro-afs-a-hlavy-navstevniku\\\/#primaryimage\",\"url\":\"https:\\\/\\\/prusalab.cz\\\/wp-content\\\/uploads\\\/2024\\\/07\\\/DSC8751_web-scaled-1.jpg\",\"contentUrl\":\"https:\\\/\\\/prusalab.cz\\\/wp-content\\\/uploads\\\/2024\\\/07\\\/DSC8751_web-scaled-1.jpg\",\"width\":2048,\"height\":1037},{\"@type\":\"BreadcrumbList\",\"@id\":\"https:\\\/\\\/prusalab.cz\\\/metronome-prague-2024-michal-gabriel-prusa-pro-afs-a-hlavy-navstevniku\\\/#breadcrumb\",\"itemListElement\":[{\"@type\":\"ListItem\",\"position\":1,\"name\":\"Dom\u016f\",\"item\":\"https:\\\/\\\/prusalab.cz\\\/\"},{\"@type\":\"ListItem\",\"position\":2,\"name\":\"Metronome Prague 2024: Michal Gabriel, Prusa Pro AFS a \u201eHLAVY\u201c n\u00e1v\u0161t\u011bvn\u00edk\u016f\"}]},{\"@type\":\"WebSite\",\"@id\":\"https:\\\/\\\/prusalab.cz\\\/#website\",\"url\":\"https:\\\/\\\/prusalab.cz\\\/\",\"name\":\"PrusaLab\",\"description\":\"Hi-tech prototypov\u00e1 d\u00edlna v pra\u017esk\u00fdch Hole\u0161ovic\u00edch\",\"publisher\":{\"@id\":\"https:\\\/\\\/prusalab.cz\\\/#organization\"},\"potentialAction\":[{\"@type\":\"SearchAction\",\"target\":{\"@type\":\"EntryPoint\",\"urlTemplate\":\"https:\\\/\\\/prusalab.cz\\\/?s={search_term_string}\"},\"query-input\":{\"@type\":\"PropertyValueSpecification\",\"valueRequired\":true,\"valueName\":\"search_term_string\"}}],\"inLanguage\":\"en-GB\"},{\"@type\":\"Organization\",\"@id\":\"https:\\\/\\\/prusalab.cz\\\/#organization\",\"name\":\"PrusaLab\",\"url\":\"https:\\\/\\\/prusalab.cz\\\/\",\"logo\":{\"@type\":\"ImageObject\",\"inLanguage\":\"en-GB\",\"@id\":\"https:\\\/\\\/prusalab.cz\\\/#\\\/schema\\\/logo\\\/image\\\/\",\"url\":\"https:\\\/\\\/prusalab.cz\\\/wp-content\\\/uploads\\\/2026\\\/02\\\/logo-1.svg\",\"contentUrl\":\"https:\\\/\\\/prusalab.cz\\\/wp-content\\\/uploads\\\/2026\\\/02\\\/logo-1.svg\",\"width\":1116,\"height\":187,\"caption\":\"PrusaLab\"},\"image\":{\"@id\":\"https:\\\/\\\/prusalab.cz\\\/#\\\/schema\\\/logo\\\/image\\\/\"},\"sameAs\":[\"https:\\\/\\\/www.facebook.com\\\/PrusaLab\",\"https:\\\/\\\/www.instagram.com\\\/prusalab\",\"https:\\\/\\\/www.youtube.com\\\/@PrusaLab\"]},{\"@type\":\"Person\",\"@id\":\"https:\\\/\\\/prusalab.cz\\\/#\\\/schema\\\/person\\\/8ce07076a3fd999af15269abad8e738e\",\"name\":\"admin\",\"image\":{\"@type\":\"ImageObject\",\"inLanguage\":\"en-GB\",\"@id\":\"https:\\\/\\\/secure.gravatar.com\\\/avatar\\\/3a21ed637fec367b08a32ea051a22acfc0c074b7d724abf5ad0bc4b49657b9f8?s=96&d=mm&r=g\",\"url\":\"https:\\\/\\\/secure.gravatar.com\\\/avatar\\\/3a21ed637fec367b08a32ea051a22acfc0c074b7d724abf5ad0bc4b49657b9f8?s=96&d=mm&r=g\",\"contentUrl\":\"https:\\\/\\\/secure.gravatar.com\\\/avatar\\\/3a21ed637fec367b08a32ea051a22acfc0c074b7d724abf5ad0bc4b49657b9f8?s=96&d=mm&r=g\",\"caption\":\"admin\"},\"sameAs\":[\"https:\\\/\\\/prusalab.cz\"],\"url\":\"https:\\\/\\\/prusalab.cz\\\/en\\\/author\\\/admin\\\/\"}]}<\/script>\n<!-- \/ Yoast SEO plugin. -->","yoast_head_json":{"title":"Metronome Prague 2024: Michal Gabriel, Prusa Pro AFS a \u201eHLAVY\u201c n\u00e1v\u0161t\u011bvn\u00edk\u016f - PrusaLab","description":"Na pra\u017esk\u00e9m festivalu Metronome Prague 2024 se p\u0159edstavila spole\u010dn\u00e1 um\u011blecko-technologick\u00e1 instalace Michala Gabriela a PrusaLabu s n\u00e1zvem HLAVY.","robots":{"index":"index","follow":"follow","max-snippet":"max-snippet:-1","max-image-preview":"max-image-preview:large","max-video-preview":"max-video-preview:-1"},"canonical":"https:\/\/prusalab.cz\/en\/metronome-prague-2024-michal-gabriel-prusa-pro-afs-a-hlavy-navstevniku\/","og_locale":"en_GB","og_type":"article","og_title":"Metronome Prague 2024: Michal Gabriel, Prusa Pro AFS a \u201eHLAVY\u201c n\u00e1v\u0161t\u011bvn\u00edk\u016f - PrusaLab","og_description":"Na pra\u017esk\u00e9m festivalu Metronome Prague 2024 se p\u0159edstavila spole\u010dn\u00e1 um\u011blecko-technologick\u00e1 instalace Michala Gabriela a PrusaLabu s n\u00e1zvem HLAVY.","og_url":"https:\/\/prusalab.cz\/en\/metronome-prague-2024-michal-gabriel-prusa-pro-afs-a-hlavy-navstevniku\/","og_site_name":"PrusaLab","article_publisher":"https:\/\/www.facebook.com\/PrusaLab","article_published_time":"2024-07-09T12:13:05+00:00","og_image":[{"width":2048,"height":1037,"url":"https:\/\/prusalab.cz\/wp-content\/uploads\/2024\/07\/DSC8751_web-scaled-1.jpg","type":"image\/jpeg"}],"author":"admin","twitter_card":"summary_large_image","twitter_misc":{"Written by":"admin","Est. reading time":"2 minutes"},"schema":{"@context":"https:\/\/schema.org","@graph":[{"@type":"Article","@id":"https:\/\/prusalab.cz\/metronome-prague-2024-michal-gabriel-prusa-pro-afs-a-hlavy-navstevniku\/#article","isPartOf":{"@id":"https:\/\/prusalab.cz\/metronome-prague-2024-michal-gabriel-prusa-pro-afs-a-hlavy-navstevniku\/"},"author":{"name":"admin","@id":"https:\/\/prusalab.cz\/#\/schema\/person\/8ce07076a3fd999af15269abad8e738e"},"headline":"Metronome Prague 2024: Michal Gabriel, Prusa Pro AFS a \u201eHLAVY\u201c n\u00e1v\u0161t\u011bvn\u00edk\u016f","datePublished":"2024-07-09T12:13:05+00:00","mainEntityOfPage":{"@id":"https:\/\/prusalab.cz\/metronome-prague-2024-michal-gabriel-prusa-pro-afs-a-hlavy-navstevniku\/"},"wordCount":473,"publisher":{"@id":"https:\/\/prusalab.cz\/#organization"},"image":{"@id":"https:\/\/prusalab.cz\/metronome-prague-2024-michal-gabriel-prusa-pro-afs-a-hlavy-navstevniku\/#primaryimage"},"thumbnailUrl":"https:\/\/prusalab.cz\/wp-content\/uploads\/2024\/07\/DSC8751_web-scaled-1.jpg","articleSection":["Instalace","Novinky","Ud\u00e1losti"],"inLanguage":"en-GB"},{"@type":"WebPage","@id":"https:\/\/prusalab.cz\/metronome-prague-2024-michal-gabriel-prusa-pro-afs-a-hlavy-navstevniku\/","url":"https:\/\/prusalab.cz\/metronome-prague-2024-michal-gabriel-prusa-pro-afs-a-hlavy-navstevniku\/","name":"Metronome Prague 2024: Michal Gabriel, Prusa Pro AFS a \u201eHLAVY\u201c n\u00e1v\u0161t\u011bvn\u00edk\u016f - PrusaLab","isPartOf":{"@id":"https:\/\/prusalab.cz\/#website"},"primaryImageOfPage":{"@id":"https:\/\/prusalab.cz\/metronome-prague-2024-michal-gabriel-prusa-pro-afs-a-hlavy-navstevniku\/#primaryimage"},"image":{"@id":"https:\/\/prusalab.cz\/metronome-prague-2024-michal-gabriel-prusa-pro-afs-a-hlavy-navstevniku\/#primaryimage"},"thumbnailUrl":"https:\/\/prusalab.cz\/wp-content\/uploads\/2024\/07\/DSC8751_web-scaled-1.jpg","datePublished":"2024-07-09T12:13:05+00:00","description":"Na pra\u017esk\u00e9m festivalu Metronome Prague 2024 se p\u0159edstavila spole\u010dn\u00e1 um\u011blecko-technologick\u00e1 instalace Michala Gabriela a PrusaLabu s n\u00e1zvem HLAVY.","breadcrumb":{"@id":"https:\/\/prusalab.cz\/metronome-prague-2024-michal-gabriel-prusa-pro-afs-a-hlavy-navstevniku\/#breadcrumb"},"inLanguage":"en-GB","potentialAction":[{"@type":"ReadAction","target":["https:\/\/prusalab.cz\/metronome-prague-2024-michal-gabriel-prusa-pro-afs-a-hlavy-navstevniku\/"]}]},{"@type":"ImageObject","inLanguage":"en-GB","@id":"https:\/\/prusalab.cz\/metronome-prague-2024-michal-gabriel-prusa-pro-afs-a-hlavy-navstevniku\/#primaryimage","url":"https:\/\/prusalab.cz\/wp-content\/uploads\/2024\/07\/DSC8751_web-scaled-1.jpg","contentUrl":"https:\/\/prusalab.cz\/wp-content\/uploads\/2024\/07\/DSC8751_web-scaled-1.jpg","width":2048,"height":1037},{"@type":"BreadcrumbList","@id":"https:\/\/prusalab.cz\/metronome-prague-2024-michal-gabriel-prusa-pro-afs-a-hlavy-navstevniku\/#breadcrumb","itemListElement":[{"@type":"ListItem","position":1,"name":"Dom\u016f","item":"https:\/\/prusalab.cz\/"},{"@type":"ListItem","position":2,"name":"Metronome Prague 2024: Michal Gabriel, Prusa Pro AFS a \u201eHLAVY\u201c n\u00e1v\u0161t\u011bvn\u00edk\u016f"}]},{"@type":"WebSite","@id":"https:\/\/prusalab.cz\/#website","url":"https:\/\/prusalab.cz\/","name":"PrusaLab","description":"High-tech prototype workshop in Prague's Hole\u0161ovice","publisher":{"@id":"https:\/\/prusalab.cz\/#organization"},"potentialAction":[{"@type":"SearchAction","target":{"@type":"EntryPoint","urlTemplate":"https:\/\/prusalab.cz\/?s={search_term_string}"},"query-input":{"@type":"PropertyValueSpecification","valueRequired":true,"valueName":"search_term_string"}}],"inLanguage":"en-GB"},{"@type":"Organization","@id":"https:\/\/prusalab.cz\/#organization","name":"PrusaLab","url":"https:\/\/prusalab.cz\/","logo":{"@type":"ImageObject","inLanguage":"en-GB","@id":"https:\/\/prusalab.cz\/#\/schema\/logo\/image\/","url":"https:\/\/prusalab.cz\/wp-content\/uploads\/2026\/02\/logo-1.svg","contentUrl":"https:\/\/prusalab.cz\/wp-content\/uploads\/2026\/02\/logo-1.svg","width":1116,"height":187,"caption":"PrusaLab"},"image":{"@id":"https:\/\/prusalab.cz\/#\/schema\/logo\/image\/"},"sameAs":["https:\/\/www.facebook.com\/PrusaLab","https:\/\/www.instagram.com\/prusalab","https:\/\/www.youtube.com\/@PrusaLab"]},{"@type":"Person","@id":"https:\/\/prusalab.cz\/#\/schema\/person\/8ce07076a3fd999af15269abad8e738e","name":"administrator","image":{"@type":"ImageObject","inLanguage":"en-GB","@id":"https:\/\/secure.gravatar.com\/avatar\/3a21ed637fec367b08a32ea051a22acfc0c074b7d724abf5ad0bc4b49657b9f8?s=96&d=mm&r=g","url":"https:\/\/secure.gravatar.com\/avatar\/3a21ed637fec367b08a32ea051a22acfc0c074b7d724abf5ad0bc4b49657b9f8?s=96&d=mm&r=g","contentUrl":"https:\/\/secure.gravatar.com\/avatar\/3a21ed637fec367b08a32ea051a22acfc0c074b7d724abf5ad0bc4b49657b9f8?s=96&d=mm&r=g","caption":"admin"},"sameAs":["https:\/\/prusalab.cz"],"url":"https:\/\/prusalab.cz\/en\/author\/admin\/"}]}},"_links":{"self":[{"href":"https:\/\/prusalab.cz\/en\/wp-json\/wp\/v2\/posts\/31835","targetHints":{"allow":["GET"]}}],"collection":[{"href":"https:\/\/prusalab.cz\/en\/wp-json\/wp\/v2\/posts"}],"about":[{"href":"https:\/\/prusalab.cz\/en\/wp-json\/wp\/v2\/types\/post"}],"author":[{"embeddable":true,"href":"https:\/\/prusalab.cz\/en\/wp-json\/wp\/v2\/users\/1"}],"replies":[{"embeddable":true,"href":"https:\/\/prusalab.cz\/en\/wp-json\/wp\/v2\/comments?post=31835"}],"version-history":[{"count":0,"href":"https:\/\/prusalab.cz\/en\/wp-json\/wp\/v2\/posts\/31835\/revisions"}],"wp:featuredmedia":[{"embeddable":true,"href":"https:\/\/prusalab.cz\/en\/wp-json\/wp\/v2\/media\/31870"}],"wp:attachment":[{"href":"https:\/\/prusalab.cz\/en\/wp-json\/wp\/v2\/media?parent=31835"}],"wp:term":[{"taxonomy":"category","embeddable":true,"href":"https:\/\/prusalab.cz\/en\/wp-json\/wp\/v2\/categories?post=31835"},{"taxonomy":"post_tag","embeddable":true,"href":"https:\/\/prusalab.cz\/en\/wp-json\/wp\/v2\/tags?post=31835"}],"curies":[{"name":"wp","href":"https:\/\/api.w.org\/{rel}","templated":true}]}}