{"id":30295,"date":"2024-02-01T15:38:08","date_gmt":"2024-02-01T14:38:08","guid":{"rendered":"https:\/\/prusalab.cz\/?p=30295"},"modified":"2024-02-01T15:38:08","modified_gmt":"2024-02-01T14:38:08","slug":"signal-calling-2024-prusalab-a-signal-festival-uz-poseste-vyhlasuji-spolecnou-otevrenou-vyzvu","status":"publish","type":"post","link":"https:\/\/prusalab.cz\/en\/signal-calling-2024-prusalab-a-signal-festival-uz-poseste-vyhlasuji-spolecnou-otevrenou-vyzvu\/","title":{"rendered":"Signal Calling 2024: PrusaLab and Signal Festival announce joint open call for the sixth time"},"content":{"rendered":"<p class=\"wp-block-paragraph\"><a href=\"https:\/\/www.signalfestival.com\/\">Signal Festival<\/a> a&nbsp;PrusaLab, prototypov\u00e1 d\u00edlna Josefa Pr\u016f\u0161i, spole\u010dn\u011b vyhla\u0161uj\u00ed otev\u0159enou <strong>v\u00fdzvu na vytvo\u0159en\u00ed um\u011bleck\u00e9ho d\u00edla<\/strong> pro 12.&nbsp;ro\u010dn\u00edk Signal Festivalu, kter\u00fd prob\u011bhne od 10. do 13. \u0159\u00edjna 2024. C\u00edlem v\u00fdzvy je n\u00e1vrh a&nbsp;realizace instalace, kter\u00e1 bude za\u0159azena <strong>do hlavn\u00edho programu Signal Festivalu 2024<\/strong>.&nbsp;&nbsp;<\/p>\n\n\n\n<h2 class=\"gb-headline gb-headline-5ebf3222 gb-headline-text\">Komu je v\u00fdzva ur\u010dena<\/h2>\n\n\n\n<p class=\"wp-block-paragraph\">V\u00fdzva je ur\u010dena \u010desk\u00fdm autor\u016fm, p\u0159\u00edpadn\u011b autor\u016fm dlouhodob\u011b p\u016fsob\u00edc\u00edm na \u00fazem\u00ed \u010cesk\u00e9 a&nbsp;Slovensk\u00e9 republiky. Hl\u00e1sit se mohou profesion\u00e1lov\u00e9 jak z obor\u016f kreativn\u00edch tak technick\u00fdch. V\u00edt\u00e1me v\u0161echny architekty, design\u00e9ry, program\u00e1tory, um\u011blce nebo technick\u00e9 in\u017een\u00fdry. Stejn\u011b tak jsme otev\u0159eni student\u016fm v\u0161ech zmi\u0148ovan\u00fdch obor\u016f. Je mo\u017en\u00e9 se hl\u00e1sit jako jednotlivec i&nbsp;jako skupina.&nbsp;&nbsp;<\/p>\n\n\n\n<h2 class=\"gb-headline gb-headline-470ef7d1 gb-headline-text\">Zad\u00e1n\u00ed<\/h2>\n\n\n\n<p class=\"wp-block-paragraph\">Um\u011bleck\u00fdm d\u00edlem je my\u0161lena <strong>objektov\u00e1 instalace<\/strong>, kter\u00e1 kreativn\u00edm zp\u016fsobem <strong>pracuje se sv\u011btlem<\/strong> jako d\u016fle\u017eitou technologickou sou\u010d\u00e1st\u00ed d\u00edla. V\u00edt\u00e1ny jsou projekty, kter\u00e9 v sob\u011b neot\u0159el\u00fdm zp\u016fsobem prezentuj\u00ed sou\u010dasn\u00e9 pokro\u010dil\u00e9 technologie nebo reflektuj\u00ed sou\u010dasn\u00e9 v\u011bdeck\u00e9 koncepty a&nbsp;teorie. S&nbsp;ohledem na um\u00edst\u011bn\u00ed festivalu do ve\u010dern\u00edho m\u011bsta je \u017e\u00e1douc\u00ed, aby i&nbsp;tak z\u016fstalo sv\u011btlo v&nbsp;d\u00edle prezen\u010dn\u00ed. D\u016fle\u017eit\u00e9 pro posouzen\u00ed projektu je zp\u016fsob vyu\u017eit\u00ed kapacity kreativn\u00ed d\u00edlny PrusaLabu.<\/p>\n\n\n\n<h2 class=\"gb-headline gb-headline-32cd2941 gb-headline-text\">Inspirace<\/h2>\n\n\n\n<p class=\"wp-block-paragraph\">Pokud byste si nev\u011bd\u011bli rady s&nbsp;prvotn\u00edm n\u00e1padem, nab\u00edz\u00edme v\u00e1m n\u011bkter\u00e9 v\u00fdchoz\u00ed koncepce, ze kter\u00fdch m\u016f\u017eete \u010derpat inspiraci.<br>Dvan\u00e1ct\u00fd ro\u010dn\u00edk Signal Festivalu pokra\u010duje v&nbsp;t\u0159\u00edlet\u00e9m projektu pod souhrnn\u00fdm t\u00e9matem <strong>Ekosyst\u00e9my<\/strong>. P\u0159\u00edroda, technologie, spole\u010dnost, kultura, osobn\u00ed prostor \u2013&nbsp;to v\u0161e spolu tvo\u0159\u00ed ekosyst\u00e9my, v&nbsp;nich\u017e \u017eijeme a&nbsp;hled\u00e1me stopy radosti, kr\u00e1sy i&nbsp;vzru\u0161en\u00ed z&nbsp;nov\u00fdch objev\u016f, ale&nbsp;i&nbsp;\u0159e\u0161en\u00ed kritick\u00fdch ot\u00e1zek.&nbsp;<\/p>\n\n\n\n<p class=\"wp-block-paragraph\">Leto\u0161n\u00ed program nese titul <strong>Ekosyst\u00e9my II:Quest<\/strong>. Quest bude slo\u017een ze \u010dty\u0159 \u010d\u00e1st\u00ed: <strong>Machinery Missionaries<\/strong>, <strong>Deep Travellers<\/strong>, <strong>Into the Universe<\/strong> a <strong>Play<\/strong>.<\/p>\n\n\n\n<ul class=\"wp-block-list\">\n<li><strong>Machinery Missionaries<\/strong> s&nbsp;podtitulem Ekosyst\u00e9my stroj\u016f p\u0159edstavuje instalace a&nbsp;d\u00edla vyu\u017e\u00edvaj\u00edc\u00ed princip\u016f robotiky, mechatroniky a&nbsp;autonomn\u00edch syst\u00e9m\u016f. Kl\u00ed\u010dov\u00e1 slova jsou: ambivalentn\u00ed povaha um\u011bl\u00e9 inteligence, transformace vztahu \u010dlov\u011bka a&nbsp;stroje.<\/li>\n\n\n\n<li><strong>Deep Travellers<\/strong> m\u00e1 podtitul Ekosyst\u00e9my poutn\u00edk\u016f a&nbsp;bude obsahovat instalace a&nbsp;d\u00edla s&nbsp;t\u00e9matem cesty. Kl\u00ed\u010dov\u00e1 slova jsou: rychlost a \u010das, nezn\u00e1mo, v\u00fdprava, poutn\u00edk.<\/li>\n\n\n\n<li><strong>Into the Universe<\/strong> s\u00a0podtitulem Ekosyst\u00e9my vesm\u00edr\u016f p\u0159inese instalace velk\u00e9ho form\u00e1tu s\u00a0kl\u00ed\u010dov\u00fdmi slovy jako: paralaxa, energie, data, transcendence a vesm\u00edr.<\/li>\n\n\n\n<li><strong>Play<\/strong> s&nbsp;podtitulem Ekosyst\u00e9m her znamen\u00e1 interaktivn\u00ed projekty, kter\u00e9 po\u010d\u00edtaj\u00ed s&nbsp;p\u0159\u00edm\u00fdm pod\u00edlem div\u00e1ka, p\u0159\u00edrodn\u00edho elementu, \u010di jin\u00e9 energie, kter\u00e1 m\u011bn\u00ed podobu d\u00edla v&nbsp;re\u00e1ln\u00e9m \u010dase. T\u00e9ma hry je otev\u0159en\u00e9.<\/li>\n<\/ul>\n\n\n\n<p class=\"wp-block-paragraph\">Pod\u00edvejte se na lo\u0148sk\u00e9 v\u00edt\u011bzn\u00e9 d\u00edlo <a href=\"https:\/\/prusalab.cz\/en\/blog\/nexus-vitez-signal-calling-2023-jak-vznikal-a-co-s-nim-bude-dal-lukas-drevjany-oxoo\/\">Nexus<\/a> autor\u016f Luk\u00e1\u0161e D\u0159evjan\u00e9ho, Davida Mina\u0159\u00edka, Michala Mitro a&nbsp;Lubo\u0161e Zbranka<\/p>\n\n\n\n<h2 class=\"gb-headline gb-headline-367d7b3e gb-headline-text\">Um\u00edst\u011bn\u00ed<\/h2>\n\n\n\n<p class=\"wp-block-paragraph\">Vybran\u00e9 d\u00edlo bude um\u00edst\u011bno do <strong>venkovn\u00ed lokace<\/strong> centra Prahy, proto by m\u011blo minim\u00e1ln\u011b po dobu jednoho t\u00fddne <strong>odolat podzimn\u00edm pov\u011btrnostn\u00edm podm\u00ednk\u00e1m<\/strong>. P\u0159i tvorb\u011b interaktivn\u00edho d\u00edla je pot\u0159eba myslet na vysokou n\u00e1v\u0161t\u011bvnost festivalu, a&nbsp;proto instalace mus\u00ed <strong>odolat n\u00e1poru tis\u00edc\u016f div\u00e1k\u016f<\/strong>. \u017divotnost d\u00edla by nem\u011bla kon\u010dit posledn\u00edm dnem festivalu. Pokud bude instalace koncipovan\u00e1 s&nbsp;ohledem na potenci\u00e1ln\u00ed transport a&nbsp;\u010dastou (de)instalaci, bude to komis\u00ed pozitivn\u011b ohodnoceno.<\/p>\n\n\n\n<h2 class=\"gb-headline gb-headline-8fb628cf gb-headline-text\">Realizace a&nbsp;technick\u00e9 n\u00e1klady d\u00edla<\/h2>\n\n\n\n<p class=\"wp-block-paragraph\">Na v\u00fdrobu instalace PrusaLab poskytne rozpo\u010det 180 000 K\u010d na materi\u00e1l pro v\u00fdrobu instalace, d\u00e1le pak z\u00e1zem\u00ed d\u00edlny a&nbsp;v\u00fdrobn\u00ed kapacity stroj\u016f a&nbsp;mistr\u016f.<\/p>\n\n\n\n<p class=\"wp-block-paragraph\">P\u0159ehled technick\u00e9ho z\u00e1zem\u00ed PrusaLabu najdete zde: <a href=\"https:\/\/docs.google.com\/document\/d\/14oMW80m8FGcIzrjHAl5DirnwOvc4EztYBzyIvClMi64\/edit?usp=sharing.\">https:\/\/docs.google.com\/document\/d\/14oMW80m8FGcIzrjHAl5DirnwOvc4EztYBzyIvClMi64\/edit?usp=sharing.<\/a><\/p>\n\n\n\n<p class=\"wp-block-paragraph\">Pro lep\u0161\u00ed p\u0159edstavu, co PrusaLab nab\u00edz\u00ed, doporu\u010dujeme va\u0161\u00ed koncepci s&nbsp;n\u00e1mi p\u0159edem konzultovat. K&nbsp;v\u00fdrob\u011b instalace je mo\u017en\u00e9 vyu\u017e\u00edt materi\u00e1ly a&nbsp;prvky Prusa Research, kter\u00e9 se p\u0159i produkci sou\u010dasn\u00fdch 3D&nbsp;tisk\u00e1ren ji\u017e d\u00e1le nepou\u017e\u00edvaj\u00ed. Ilustra\u010dn\u00ed seznam s&nbsp;fotografiemi p\u0159\u00edklad\u016f sou\u010d\u00e1stek m\u016f\u017eete naj\u00edt zde: <a href=\"https:\/\/drive.google.com\/drive\/u\/3\/folders\/1RquQX-MWzC8u34h6DPvbzmbS1l0pLrP0\">https:\/\/drive.google.com\/drive\/u\/3\/folders\/1RquQX-MWzC8u34h6DPvbzmbS1l0pLrP0<\/a><\/p>\n\n\n\n<p class=\"wp-block-paragraph\">(Jedn\u00e1 se zejm\u00e9na o&nbsp;displeje, krokov\u00e9 motory, senzory, zdroje apod.)<\/p>\n\n\n\n<h2 class=\"gb-headline gb-headline-5fdd273d gb-headline-text\">Pravidla sout\u011b\u017ee<\/h2>\n\n\n\n<p class=\"wp-block-paragraph\">V\u00fdzva bude prob\u00edhat <strong>ve dvou kolech<\/strong>. V prvn\u00edm kole budeme p\u0159ij\u00edmat n\u00e1vrhy na projekty a\u017e do uz\u00e1v\u011brky p\u0159ihl\u00e1\u0161ek. Pot\u00e9 budou vybr\u00e1ny projekty k&nbsp;postupu do druh\u00e9ho kola a&nbsp;autor\u016fm doporu\u010dena t\u00e9mata k&nbsp;rozpracov\u00e1n\u00ed a&nbsp;up\u0159esn\u011bn\u00ed. V\u0161echny projekty budou za \u00fa\u010dast ve druh\u00e9m kole odm\u011bn\u011bny <strong>skicovn\u00fdm ve v\u00fd\u0161i 5 000 K\u010d<\/strong>. Komise ve druh\u00e9m kole rozhodne o&nbsp;jednom projektu, kter\u00fd bude vybr\u00e1n k&nbsp;realizaci. Tv\u016frce vybran\u00e9 instalace bude za vytvo\u0159en\u00ed d\u00edla odm\u011bn\u011bn <strong>honor\u00e1\u0159em 40 000 K\u010d, 3D tisk\u00e1rnou Original Prusa <\/strong>a<strong> t\u0159\u00edm\u011bs\u00ed\u010dn\u00edm projektov\u00fdm \u010dlenstv\u00edm v PrusaLabu<\/strong>.<\/p>\n\n\n\n<p class=\"wp-block-paragraph\">Vznikl\u00e9 d\u00edlo je br\u00e1no jako <strong>spoluautorsk\u00e9<\/strong> \u2013 tedy jako <strong>spole\u010dn\u00e9 d\u00edlo Signal Festivalu<\/strong> (organiz\u00e1tor), <strong>PrusaLabu<\/strong> (zhotovitel d\u00edla) a <strong>um\u011blce\/\u016f<\/strong> (autor konceptu), a tak je s n\u00edm nakl\u00e1d\u00e1no i po ukon\u010den\u00ed Signal festivalu, nen\u00ed-li p\u0159edem domluveno jinak.<\/p>\n\n\n\n<h2 class=\"gb-headline gb-headline-a707c6c3 gb-headline-text\">P\u0159ihl\u00e1\u0161ka<\/h2>\n\n\n\n<p class=\"wp-block-paragraph\">Va\u0161e projekty p\u0159ihla\u0161ujte pomoc\u00ed tohoto online dotazn\u00edku: <a href=\"https:\/\/docs.google.com\/forms\/d\/e\/1FAIpQLSem3E7azsUeMzE1GFCjkVvWhHTs_oHmz5iMUcQJvr7RYIIkdw\/viewform\">https:\/\/docs.google.com\/forms\/d\/e\/1FAIpQLSem3E7azsUeMzE1GFCjkVvWhHTs_oHmz5iMUcQJvr7RYIIkdw\/viewform&nbsp;<\/a><\/p>\n\n\n\n<h2 class=\"gb-headline gb-headline-2f052267 gb-headline-text\">Harmonogram<\/h2>\n\n\n\n<p class=\"wp-block-paragraph\">Uz\u00e1v\u011brka p\u0159ihl\u00e1\u0161ek \u2013 29. 2. 2024<\/p>\n\n\n\n<h2 class=\"gb-headline gb-headline-5a43d962 gb-headline-text\">Contact<\/h2>\n\n\n\n<ul class=\"wp-block-list\">\n<li>dan@signalfestival.com \u2013 informace a&nbsp;konzultace k&nbsp;opencallu<\/li>\n\n\n\n<li>info@prusalab.cz \u2013 informace a&nbsp;konzultace ohledn\u011b mo\u017enost\u00ed a&nbsp;vybaven\u00ed PrusaLabu<\/li>\n<\/ul>\n\n\n\n<h2 class=\"gb-headline gb-headline-707cd682 gb-headline-text\">Upozorn\u011bn\u00ed<\/h2>\n\n\n\n<p class=\"wp-block-paragraph\">Signal Festival a PrusaLab si vyhrazuje pr\u00e1vo nevybrat \u017e\u00e1dn\u00e9ho v\u00edt\u011bze v\u00fdzvy.<\/p>","protected":false},"excerpt":{"rendered":"<p>Signal Festival a&nbsp;PrusaLab, prototypov\u00e1 d\u00edlna Josefa Pr\u016f\u0161i, spole\u010dn\u011b vyhla\u0161uj\u00ed otev\u0159enou v\u00fdzvu na vytvo\u0159en\u00ed um\u011bleck\u00e9ho d\u00edla pro 12.&nbsp;ro\u010dn\u00edk Signal Festivalu, kter\u00fd<\/p>","protected":false},"author":1,"featured_media":30299,"comment_status":"closed","ping_status":"closed","sticky":false,"template":"","format":"standard","meta":{"footnotes":""},"categories":[71,73],"tags":[],"class_list":["post-30295","post","type-post","status-publish","format-standard","has-post-thumbnail","hentry","category-otevrena-vyzva","category-signal-festival"],"yoast_head":"<!-- This site is optimized with the Yoast SEO plugin v28.3 - https:\/\/yoast.com\/product\/yoast-seo-wordpress\/ -->\n<title>Signal Calling 2024: PrusaLab a Signal Festival u\u017e po\u0161est\u00e9 vyhla\u0161uj\u00ed spole\u010dnou otev\u0159enou v\u00fdzvu - PrusaLab<\/title>\n<meta name=\"robots\" content=\"index, follow, max-snippet:-1, max-image-preview:large, max-video-preview:-1\" \/>\n<link rel=\"canonical\" href=\"https:\/\/prusalab.cz\/en\/signal-calling-2024-prusalab-a-signal-festival-uz-poseste-vyhlasuji-spolecnou-otevrenou-vyzvu\/\" \/>\n<meta property=\"og:locale\" content=\"en_GB\" \/>\n<meta property=\"og:type\" content=\"article\" \/>\n<meta property=\"og:title\" content=\"Signal Calling 2024: PrusaLab a Signal Festival u\u017e po\u0161est\u00e9 vyhla\u0161uj\u00ed spole\u010dnou otev\u0159enou v\u00fdzvu - PrusaLab\" \/>\n<meta property=\"og:description\" content=\"Signal Festival a&nbsp;PrusaLab, prototypov\u00e1 d\u00edlna Josefa Pr\u016f\u0161i, spole\u010dn\u011b vyhla\u0161uj\u00ed otev\u0159enou v\u00fdzvu na vytvo\u0159en\u00ed um\u011bleck\u00e9ho d\u00edla pro 12.&nbsp;ro\u010dn\u00edk Signal Festivalu, kter\u00fd\" \/>\n<meta property=\"og:url\" content=\"https:\/\/prusalab.cz\/en\/signal-calling-2024-prusalab-a-signal-festival-uz-poseste-vyhlasuji-spolecnou-otevrenou-vyzvu\/\" \/>\n<meta property=\"og:site_name\" content=\"PrusaLab\" \/>\n<meta property=\"article:publisher\" content=\"https:\/\/www.facebook.com\/PrusaLab\" \/>\n<meta property=\"article:published_time\" content=\"2024-02-01T14:38:08+00:00\" \/>\n<meta property=\"og:image\" content=\"https:\/\/prusalab.cz\/wp-content\/uploads\/2024\/02\/HOU9358s-scaled-1.jpg\" \/>\n\t<meta property=\"og:image:width\" content=\"2048\" \/>\n\t<meta property=\"og:image:height\" content=\"1365\" \/>\n\t<meta property=\"og:image:type\" content=\"image\/jpeg\" \/>\n<meta name=\"author\" content=\"admin\" \/>\n<meta name=\"twitter:card\" content=\"summary_large_image\" \/>\n<meta name=\"twitter:label1\" content=\"Written by\" \/>\n\t<meta name=\"twitter:data1\" content=\"admin\" \/>\n\t<meta name=\"twitter:label2\" content=\"Est. reading time\" \/>\n\t<meta name=\"twitter:data2\" content=\"5 minutes\" \/>\n<script type=\"application\/ld+json\" class=\"yoast-schema-graph\">{\"@context\":\"https:\\\/\\\/schema.org\",\"@graph\":[{\"@type\":\"Article\",\"@id\":\"https:\\\/\\\/prusalab.cz\\\/signal-calling-2024-prusalab-a-signal-festival-uz-poseste-vyhlasuji-spolecnou-otevrenou-vyzvu\\\/#article\",\"isPartOf\":{\"@id\":\"https:\\\/\\\/prusalab.cz\\\/signal-calling-2024-prusalab-a-signal-festival-uz-poseste-vyhlasuji-spolecnou-otevrenou-vyzvu\\\/\"},\"author\":{\"name\":\"admin\",\"@id\":\"https:\\\/\\\/prusalab.cz\\\/#\\\/schema\\\/person\\\/8ce07076a3fd999af15269abad8e738e\"},\"headline\":\"Signal Calling 2024: PrusaLab a Signal Festival u\u017e po\u0161est\u00e9 vyhla\u0161uj\u00ed spole\u010dnou otev\u0159enou v\u00fdzvu\",\"datePublished\":\"2024-02-01T14:38:08+00:00\",\"mainEntityOfPage\":{\"@id\":\"https:\\\/\\\/prusalab.cz\\\/signal-calling-2024-prusalab-a-signal-festival-uz-poseste-vyhlasuji-spolecnou-otevrenou-vyzvu\\\/\"},\"wordCount\":1093,\"publisher\":{\"@id\":\"https:\\\/\\\/prusalab.cz\\\/#organization\"},\"image\":{\"@id\":\"https:\\\/\\\/prusalab.cz\\\/signal-calling-2024-prusalab-a-signal-festival-uz-poseste-vyhlasuji-spolecnou-otevrenou-vyzvu\\\/#primaryimage\"},\"thumbnailUrl\":\"https:\\\/\\\/prusalab.cz\\\/wp-content\\\/uploads\\\/2024\\\/02\\\/HOU9358s-scaled-1.jpg\",\"articleSection\":[\"Otev\u0159en\u00e1 v\u00fdzva\",\"Signal Festival\"],\"inLanguage\":\"en-GB\"},{\"@type\":\"WebPage\",\"@id\":\"https:\\\/\\\/prusalab.cz\\\/signal-calling-2024-prusalab-a-signal-festival-uz-poseste-vyhlasuji-spolecnou-otevrenou-vyzvu\\\/\",\"url\":\"https:\\\/\\\/prusalab.cz\\\/signal-calling-2024-prusalab-a-signal-festival-uz-poseste-vyhlasuji-spolecnou-otevrenou-vyzvu\\\/\",\"name\":\"Signal Calling 2024: PrusaLab a Signal Festival u\u017e po\u0161est\u00e9 vyhla\u0161uj\u00ed spole\u010dnou otev\u0159enou v\u00fdzvu - PrusaLab\",\"isPartOf\":{\"@id\":\"https:\\\/\\\/prusalab.cz\\\/#website\"},\"primaryImageOfPage\":{\"@id\":\"https:\\\/\\\/prusalab.cz\\\/signal-calling-2024-prusalab-a-signal-festival-uz-poseste-vyhlasuji-spolecnou-otevrenou-vyzvu\\\/#primaryimage\"},\"image\":{\"@id\":\"https:\\\/\\\/prusalab.cz\\\/signal-calling-2024-prusalab-a-signal-festival-uz-poseste-vyhlasuji-spolecnou-otevrenou-vyzvu\\\/#primaryimage\"},\"thumbnailUrl\":\"https:\\\/\\\/prusalab.cz\\\/wp-content\\\/uploads\\\/2024\\\/02\\\/HOU9358s-scaled-1.jpg\",\"datePublished\":\"2024-02-01T14:38:08+00:00\",\"breadcrumb\":{\"@id\":\"https:\\\/\\\/prusalab.cz\\\/signal-calling-2024-prusalab-a-signal-festival-uz-poseste-vyhlasuji-spolecnou-otevrenou-vyzvu\\\/#breadcrumb\"},\"inLanguage\":\"en-GB\",\"potentialAction\":[{\"@type\":\"ReadAction\",\"target\":[\"https:\\\/\\\/prusalab.cz\\\/signal-calling-2024-prusalab-a-signal-festival-uz-poseste-vyhlasuji-spolecnou-otevrenou-vyzvu\\\/\"]}]},{\"@type\":\"ImageObject\",\"inLanguage\":\"en-GB\",\"@id\":\"https:\\\/\\\/prusalab.cz\\\/signal-calling-2024-prusalab-a-signal-festival-uz-poseste-vyhlasuji-spolecnou-otevrenou-vyzvu\\\/#primaryimage\",\"url\":\"https:\\\/\\\/prusalab.cz\\\/wp-content\\\/uploads\\\/2024\\\/02\\\/HOU9358s-scaled-1.jpg\",\"contentUrl\":\"https:\\\/\\\/prusalab.cz\\\/wp-content\\\/uploads\\\/2024\\\/02\\\/HOU9358s-scaled-1.jpg\",\"width\":2048,\"height\":1365},{\"@type\":\"BreadcrumbList\",\"@id\":\"https:\\\/\\\/prusalab.cz\\\/signal-calling-2024-prusalab-a-signal-festival-uz-poseste-vyhlasuji-spolecnou-otevrenou-vyzvu\\\/#breadcrumb\",\"itemListElement\":[{\"@type\":\"ListItem\",\"position\":1,\"name\":\"Dom\u016f\",\"item\":\"https:\\\/\\\/prusalab.cz\\\/\"},{\"@type\":\"ListItem\",\"position\":2,\"name\":\"Signal Calling 2024: PrusaLab a Signal Festival u\u017e po\u0161est\u00e9 vyhla\u0161uj\u00ed spole\u010dnou otev\u0159enou v\u00fdzvu\"}]},{\"@type\":\"WebSite\",\"@id\":\"https:\\\/\\\/prusalab.cz\\\/#website\",\"url\":\"https:\\\/\\\/prusalab.cz\\\/\",\"name\":\"PrusaLab\",\"description\":\"Hi-tech prototypov\u00e1 d\u00edlna v pra\u017esk\u00fdch Hole\u0161ovic\u00edch\",\"publisher\":{\"@id\":\"https:\\\/\\\/prusalab.cz\\\/#organization\"},\"potentialAction\":[{\"@type\":\"SearchAction\",\"target\":{\"@type\":\"EntryPoint\",\"urlTemplate\":\"https:\\\/\\\/prusalab.cz\\\/?s={search_term_string}\"},\"query-input\":{\"@type\":\"PropertyValueSpecification\",\"valueRequired\":true,\"valueName\":\"search_term_string\"}}],\"inLanguage\":\"en-GB\"},{\"@type\":\"Organization\",\"@id\":\"https:\\\/\\\/prusalab.cz\\\/#organization\",\"name\":\"PrusaLab\",\"url\":\"https:\\\/\\\/prusalab.cz\\\/\",\"logo\":{\"@type\":\"ImageObject\",\"inLanguage\":\"en-GB\",\"@id\":\"https:\\\/\\\/prusalab.cz\\\/#\\\/schema\\\/logo\\\/image\\\/\",\"url\":\"https:\\\/\\\/prusalab.cz\\\/wp-content\\\/uploads\\\/2026\\\/02\\\/logo-1.svg\",\"contentUrl\":\"https:\\\/\\\/prusalab.cz\\\/wp-content\\\/uploads\\\/2026\\\/02\\\/logo-1.svg\",\"width\":1116,\"height\":187,\"caption\":\"PrusaLab\"},\"image\":{\"@id\":\"https:\\\/\\\/prusalab.cz\\\/#\\\/schema\\\/logo\\\/image\\\/\"},\"sameAs\":[\"https:\\\/\\\/www.facebook.com\\\/PrusaLab\",\"https:\\\/\\\/www.instagram.com\\\/prusalab\",\"https:\\\/\\\/www.youtube.com\\\/@PrusaLab\"]},{\"@type\":\"Person\",\"@id\":\"https:\\\/\\\/prusalab.cz\\\/#\\\/schema\\\/person\\\/8ce07076a3fd999af15269abad8e738e\",\"name\":\"admin\",\"image\":{\"@type\":\"ImageObject\",\"inLanguage\":\"en-GB\",\"@id\":\"https:\\\/\\\/secure.gravatar.com\\\/avatar\\\/3a21ed637fec367b08a32ea051a22acfc0c074b7d724abf5ad0bc4b49657b9f8?s=96&d=mm&r=g\",\"url\":\"https:\\\/\\\/secure.gravatar.com\\\/avatar\\\/3a21ed637fec367b08a32ea051a22acfc0c074b7d724abf5ad0bc4b49657b9f8?s=96&d=mm&r=g\",\"contentUrl\":\"https:\\\/\\\/secure.gravatar.com\\\/avatar\\\/3a21ed637fec367b08a32ea051a22acfc0c074b7d724abf5ad0bc4b49657b9f8?s=96&d=mm&r=g\",\"caption\":\"admin\"},\"sameAs\":[\"https:\\\/\\\/prusalab.cz\"],\"url\":\"https:\\\/\\\/prusalab.cz\\\/en\\\/author\\\/admin\\\/\"}]}<\/script>\n<!-- \/ Yoast SEO plugin. -->","yoast_head_json":{"title":"Signal Calling 2024: PrusaLab a Signal Festival u\u017e po\u0161est\u00e9 vyhla\u0161uj\u00ed spole\u010dnou otev\u0159enou v\u00fdzvu - PrusaLab","robots":{"index":"index","follow":"follow","max-snippet":"max-snippet:-1","max-image-preview":"max-image-preview:large","max-video-preview":"max-video-preview:-1"},"canonical":"https:\/\/prusalab.cz\/en\/signal-calling-2024-prusalab-a-signal-festival-uz-poseste-vyhlasuji-spolecnou-otevrenou-vyzvu\/","og_locale":"en_GB","og_type":"article","og_title":"Signal Calling 2024: PrusaLab a Signal Festival u\u017e po\u0161est\u00e9 vyhla\u0161uj\u00ed spole\u010dnou otev\u0159enou v\u00fdzvu - PrusaLab","og_description":"Signal Festival a&nbsp;PrusaLab, prototypov\u00e1 d\u00edlna Josefa Pr\u016f\u0161i, spole\u010dn\u011b vyhla\u0161uj\u00ed otev\u0159enou v\u00fdzvu na vytvo\u0159en\u00ed um\u011bleck\u00e9ho d\u00edla pro 12.&nbsp;ro\u010dn\u00edk Signal Festivalu, kter\u00fd","og_url":"https:\/\/prusalab.cz\/en\/signal-calling-2024-prusalab-a-signal-festival-uz-poseste-vyhlasuji-spolecnou-otevrenou-vyzvu\/","og_site_name":"PrusaLab","article_publisher":"https:\/\/www.facebook.com\/PrusaLab","article_published_time":"2024-02-01T14:38:08+00:00","og_image":[{"width":2048,"height":1365,"url":"https:\/\/prusalab.cz\/wp-content\/uploads\/2024\/02\/HOU9358s-scaled-1.jpg","type":"image\/jpeg"}],"author":"admin","twitter_card":"summary_large_image","twitter_misc":{"Written by":"admin","Est. reading time":"5 minutes"},"schema":{"@context":"https:\/\/schema.org","@graph":[{"@type":"Article","@id":"https:\/\/prusalab.cz\/signal-calling-2024-prusalab-a-signal-festival-uz-poseste-vyhlasuji-spolecnou-otevrenou-vyzvu\/#article","isPartOf":{"@id":"https:\/\/prusalab.cz\/signal-calling-2024-prusalab-a-signal-festival-uz-poseste-vyhlasuji-spolecnou-otevrenou-vyzvu\/"},"author":{"name":"admin","@id":"https:\/\/prusalab.cz\/#\/schema\/person\/8ce07076a3fd999af15269abad8e738e"},"headline":"Signal Calling 2024: PrusaLab a Signal Festival u\u017e po\u0161est\u00e9 vyhla\u0161uj\u00ed spole\u010dnou otev\u0159enou v\u00fdzvu","datePublished":"2024-02-01T14:38:08+00:00","mainEntityOfPage":{"@id":"https:\/\/prusalab.cz\/signal-calling-2024-prusalab-a-signal-festival-uz-poseste-vyhlasuji-spolecnou-otevrenou-vyzvu\/"},"wordCount":1093,"publisher":{"@id":"https:\/\/prusalab.cz\/#organization"},"image":{"@id":"https:\/\/prusalab.cz\/signal-calling-2024-prusalab-a-signal-festival-uz-poseste-vyhlasuji-spolecnou-otevrenou-vyzvu\/#primaryimage"},"thumbnailUrl":"https:\/\/prusalab.cz\/wp-content\/uploads\/2024\/02\/HOU9358s-scaled-1.jpg","articleSection":["Otev\u0159en\u00e1 v\u00fdzva","Signal Festival"],"inLanguage":"en-GB"},{"@type":"WebPage","@id":"https:\/\/prusalab.cz\/signal-calling-2024-prusalab-a-signal-festival-uz-poseste-vyhlasuji-spolecnou-otevrenou-vyzvu\/","url":"https:\/\/prusalab.cz\/signal-calling-2024-prusalab-a-signal-festival-uz-poseste-vyhlasuji-spolecnou-otevrenou-vyzvu\/","name":"Signal Calling 2024: PrusaLab a Signal Festival u\u017e po\u0161est\u00e9 vyhla\u0161uj\u00ed spole\u010dnou otev\u0159enou v\u00fdzvu - PrusaLab","isPartOf":{"@id":"https:\/\/prusalab.cz\/#website"},"primaryImageOfPage":{"@id":"https:\/\/prusalab.cz\/signal-calling-2024-prusalab-a-signal-festival-uz-poseste-vyhlasuji-spolecnou-otevrenou-vyzvu\/#primaryimage"},"image":{"@id":"https:\/\/prusalab.cz\/signal-calling-2024-prusalab-a-signal-festival-uz-poseste-vyhlasuji-spolecnou-otevrenou-vyzvu\/#primaryimage"},"thumbnailUrl":"https:\/\/prusalab.cz\/wp-content\/uploads\/2024\/02\/HOU9358s-scaled-1.jpg","datePublished":"2024-02-01T14:38:08+00:00","breadcrumb":{"@id":"https:\/\/prusalab.cz\/signal-calling-2024-prusalab-a-signal-festival-uz-poseste-vyhlasuji-spolecnou-otevrenou-vyzvu\/#breadcrumb"},"inLanguage":"en-GB","potentialAction":[{"@type":"ReadAction","target":["https:\/\/prusalab.cz\/signal-calling-2024-prusalab-a-signal-festival-uz-poseste-vyhlasuji-spolecnou-otevrenou-vyzvu\/"]}]},{"@type":"ImageObject","inLanguage":"en-GB","@id":"https:\/\/prusalab.cz\/signal-calling-2024-prusalab-a-signal-festival-uz-poseste-vyhlasuji-spolecnou-otevrenou-vyzvu\/#primaryimage","url":"https:\/\/prusalab.cz\/wp-content\/uploads\/2024\/02\/HOU9358s-scaled-1.jpg","contentUrl":"https:\/\/prusalab.cz\/wp-content\/uploads\/2024\/02\/HOU9358s-scaled-1.jpg","width":2048,"height":1365},{"@type":"BreadcrumbList","@id":"https:\/\/prusalab.cz\/signal-calling-2024-prusalab-a-signal-festival-uz-poseste-vyhlasuji-spolecnou-otevrenou-vyzvu\/#breadcrumb","itemListElement":[{"@type":"ListItem","position":1,"name":"Dom\u016f","item":"https:\/\/prusalab.cz\/"},{"@type":"ListItem","position":2,"name":"Signal Calling 2024: PrusaLab a Signal Festival u\u017e po\u0161est\u00e9 vyhla\u0161uj\u00ed spole\u010dnou otev\u0159enou v\u00fdzvu"}]},{"@type":"WebSite","@id":"https:\/\/prusalab.cz\/#website","url":"https:\/\/prusalab.cz\/","name":"PrusaLab","description":"High-tech prototype workshop in Prague's Hole\u0161ovice","publisher":{"@id":"https:\/\/prusalab.cz\/#organization"},"potentialAction":[{"@type":"SearchAction","target":{"@type":"EntryPoint","urlTemplate":"https:\/\/prusalab.cz\/?s={search_term_string}"},"query-input":{"@type":"PropertyValueSpecification","valueRequired":true,"valueName":"search_term_string"}}],"inLanguage":"en-GB"},{"@type":"Organization","@id":"https:\/\/prusalab.cz\/#organization","name":"PrusaLab","url":"https:\/\/prusalab.cz\/","logo":{"@type":"ImageObject","inLanguage":"en-GB","@id":"https:\/\/prusalab.cz\/#\/schema\/logo\/image\/","url":"https:\/\/prusalab.cz\/wp-content\/uploads\/2026\/02\/logo-1.svg","contentUrl":"https:\/\/prusalab.cz\/wp-content\/uploads\/2026\/02\/logo-1.svg","width":1116,"height":187,"caption":"PrusaLab"},"image":{"@id":"https:\/\/prusalab.cz\/#\/schema\/logo\/image\/"},"sameAs":["https:\/\/www.facebook.com\/PrusaLab","https:\/\/www.instagram.com\/prusalab","https:\/\/www.youtube.com\/@PrusaLab"]},{"@type":"Person","@id":"https:\/\/prusalab.cz\/#\/schema\/person\/8ce07076a3fd999af15269abad8e738e","name":"administrator","image":{"@type":"ImageObject","inLanguage":"en-GB","@id":"https:\/\/secure.gravatar.com\/avatar\/3a21ed637fec367b08a32ea051a22acfc0c074b7d724abf5ad0bc4b49657b9f8?s=96&d=mm&r=g","url":"https:\/\/secure.gravatar.com\/avatar\/3a21ed637fec367b08a32ea051a22acfc0c074b7d724abf5ad0bc4b49657b9f8?s=96&d=mm&r=g","contentUrl":"https:\/\/secure.gravatar.com\/avatar\/3a21ed637fec367b08a32ea051a22acfc0c074b7d724abf5ad0bc4b49657b9f8?s=96&d=mm&r=g","caption":"admin"},"sameAs":["https:\/\/prusalab.cz"],"url":"https:\/\/prusalab.cz\/en\/author\/admin\/"}]}},"_links":{"self":[{"href":"https:\/\/prusalab.cz\/en\/wp-json\/wp\/v2\/posts\/30295","targetHints":{"allow":["GET"]}}],"collection":[{"href":"https:\/\/prusalab.cz\/en\/wp-json\/wp\/v2\/posts"}],"about":[{"href":"https:\/\/prusalab.cz\/en\/wp-json\/wp\/v2\/types\/post"}],"author":[{"embeddable":true,"href":"https:\/\/prusalab.cz\/en\/wp-json\/wp\/v2\/users\/1"}],"replies":[{"embeddable":true,"href":"https:\/\/prusalab.cz\/en\/wp-json\/wp\/v2\/comments?post=30295"}],"version-history":[{"count":0,"href":"https:\/\/prusalab.cz\/en\/wp-json\/wp\/v2\/posts\/30295\/revisions"}],"wp:featuredmedia":[{"embeddable":true,"href":"https:\/\/prusalab.cz\/en\/wp-json\/wp\/v2\/media\/30299"}],"wp:attachment":[{"href":"https:\/\/prusalab.cz\/en\/wp-json\/wp\/v2\/media?parent=30295"}],"wp:term":[{"taxonomy":"category","embeddable":true,"href":"https:\/\/prusalab.cz\/en\/wp-json\/wp\/v2\/categories?post=30295"},{"taxonomy":"post_tag","embeddable":true,"href":"https:\/\/prusalab.cz\/en\/wp-json\/wp\/v2\/tags?post=30295"}],"curies":[{"name":"wp","href":"https:\/\/api.w.org\/{rel}","templated":true}]}}