{"id":30258,"date":"2024-01-10T10:53:47","date_gmt":"2024-01-10T09:53:47","guid":{"rendered":"https:\/\/prusalab.cz\/?p=30258"},"modified":"2024-01-10T10:53:47","modified_gmt":"2024-01-10T09:53:47","slug":"prusalab-souhrn-2023-za-kulisy-neuveritelnych-projektu","status":"publish","type":"post","link":"https:\/\/prusalab.cz\/en\/prusalab-souhrn-2023-za-kulisy-neuveritelnych-projektu\/","title":{"rendered":"PrusaLab 2023 summary: Behind the scenes of incredible projects"},"content":{"rendered":"<p class=\"wp-block-paragraph\">Lo\u0148sk\u00fd rok byl pro n\u00e1s doslova <strong>kaleidoskopem<\/strong> r\u016fznorod\u00fdch <strong>projekt\u016f<\/strong>, od komer\u010dn\u00edch <strong>zak\u00e1zek<\/strong>, p\u0159es velk\u00e9 <strong>um\u011bleck\u00e9 instalace<\/strong>, <strong>akcelera\u010dn\u00ed program<\/strong> pro startupy a&nbsp;dal\u0161\u00ed <strong>vzd\u011bl\u00e1vac\u00ed aktivity<\/strong>, a\u017e&nbsp;po&nbsp;n\u011bkolik <strong>dobro\u010dinn\u00fdch projekt\u016f<\/strong>.<\/p>\n\n\n\n<p class=\"wp-block-paragraph\">Pod\u00edvejte se, co jsme v&nbsp;lo\u0148sk\u00e9m roce vytvo\u0159ili a&nbsp;pro\u010d v&nbsp;PrusaLabu nikdy nen\u00ed nuda.<\/p>\n\n\n\n<figure class=\"wp-block-embed is-type-video is-provider-youtube wp-block-embed-youtube wp-embed-aspect-16-9 wp-has-aspect-ratio\"><div class=\"wp-block-embed__wrapper\">\n<iframe loading=\"lazy\" title=\"PrusaLab Recap 2023 \u2013 souhrn toho nejzaj\u00edmav\u011bj\u0161\u00edho z na\u0161\u00ed prototypovac\u00ed d\u00edlny\" width=\"500\" height=\"281\" src=\"https:\/\/www.youtube.com\/embed\/NmrWA3erEBU?feature=oembed\" frameborder=\"0\" allow=\"accelerometer; autoplay; clipboard-write; encrypted-media; gyroscope; picture-in-picture; web-share\" referrerpolicy=\"strict-origin-when-cross-origin\" allowfullscreen><\/iframe>\n<\/div><\/figure>\n\n\n\n<p class=\"wp-block-paragraph\"><\/p>\n\n\n\n<h2 class=\"gb-headline gb-headline-5ebf3222 gb-headline-text\">Vzd\u011bl\u00e1vac\u00ed aktivity a&nbsp;mentoring<\/h2>\n\n\n\n<p class=\"wp-block-paragraph\">pat\u0159\u00ed k&nbsp;nejd\u016fle\u017eit\u011bj\u0161\u00edm oblastem, kter\u00fdmi se zab\u00fdv\u00e1me. V r\u00e1mci na\u0161eho programu pro rozvoj hardwarov\u00fdch startup\u016f \u2013&nbsp;<strong>PrusaLab hardware accelerator<\/strong> \u2013 jsme se v\u011bnovali (a&nbsp;st\u00e1le v\u011bnujeme) projektu v\u00edt\u011bze minul\u00e9ho kola. Na jeho p\u0159edstaven\u00ed se m\u016f\u017eete t\u011b\u0161it letos, ale a\u017e po \u00fapln\u00e9m dolad\u011bn\u00ed prototypu.<\/p>\n\n\n\n<p class=\"wp-block-paragraph\">Na pra\u017esk\u00e9m a&nbsp;brn\u011bnsk\u00e9m festivalu<strong> Maker Faire<\/strong> si n\u00e1\u0161 akcelera\u010dn\u00ed program mohl kr\u00e1tkou a&nbsp;z\u00e1bavnou formou vyzkou\u0161et ka\u017ed\u00fd, koho zaj\u00edmalo, jak by mu tento proces mohl b\u00fdt n\u00e1pomocn\u00fd. <strong>Akceler\u00e1tor nane\u010disto<\/strong> m\u011bl p\u0159edev\u0161\u00edm bavit a&nbsp;inspirovat, \u00fa\u010dastn\u00edci ale dostali re\u00e1lnou zp\u011btnou vazbu na sv\u00e9 n\u00e1pady a&nbsp;jejich komer\u010dn\u00ed potenci\u00e1l.<\/p>\n\n\n\n<p class=\"wp-block-paragraph\">Realizovat projekty jsme pom\u00e1hali i&nbsp;<strong>na\u0161im \u010dlen\u016fm<\/strong>, kter\u00fdm je nap\u0159\u00edklad propag\u00e1tor robotick\u00e9 malby \u2013&nbsp;<strong>Jakub Tajovsk\u00fd<\/strong>.&nbsp;<\/p>\n\n\n\n<p class=\"wp-block-paragraph\">Celkem t\u0159ikr\u00e1t jsme tak\u00e9 uspo\u0159\u00e1dali setk\u00e1n\u00ed <strong>Meet the&nbsp;Makers<\/strong>, tedy ve\u010dera pln\u00e9ho zaj\u00edmav\u00fdch host\u016f z&nbsp;oblast\u00ed technologick\u00fdch startup\u016f, um\u011bn\u00ed, ale i&nbsp;v\u011bdy, v\u00fdzkumu a&nbsp;vzd\u011bl\u00e1v\u00e1n\u00ed.<\/p>\n\n\n\n<p class=\"wp-block-paragraph\">Na na\u0161ich <strong>workshopech pro ve\u0159ejnost<\/strong> nez\u016fstalo jen u&nbsp;3D&nbsp;tisku, ale p\u0159ibl\u00ed\u017eili jsme z\u00e1klady cel\u00e9ho prototypovac\u00edho procesu.<\/p>\n\n\n\n<p class=\"wp-block-paragraph\">A&nbsp;vzd\u011bl\u00e1vat jsme pom\u00e1hali i&nbsp;na\u0161e kolegy v&nbsp;r\u00e1mci dvou <strong>intern\u00edch workshop\u016f<\/strong> z\u00e1klad\u016f robotiky, p\u0159i kter\u00e9m si sestavili a&nbsp;naprogramovali robota na malov\u00e1n\u00ed velikono\u010dn\u00edch vaj\u00ed\u010dek.<\/p>\n\n\n\n<h2 class=\"gb-headline gb-headline-470ef7d1 gb-headline-text\">Um\u011bn\u00ed n\u00e1s bav\u00ed<\/h2>\n\n\n\n<p class=\"wp-block-paragraph\">a&nbsp;n\u00e1ro\u010dn\u00e9 projekty n\u00e1s rozv\u00edjej\u00ed. Vytvo\u0159ili jsme n\u011bkolik <strong>um\u011bleck\u00fdch instalac\u00ed<\/strong>, kter\u00e9 nejen okouzluj\u00ed, ale tak\u00e9 dokazuj\u00ed, \u017ee technologie m\u016f\u017ee b\u00fdt kr\u00e1sn\u00e1.&nbsp;<\/p>\n\n\n\n<p class=\"wp-block-paragraph\">Jedn\u00edm takov\u00fdm p\u0159\u00edkladem byla instalace <strong>Nexus<\/strong>, kter\u00e1 m\u011bla svou premi\u00e9ru na <strong>Signal Festivalu<\/strong>. \u0160lo o&nbsp;v\u00edt\u011bze spole\u010dn\u00e9 v\u00fdzvy Signal Calling, kterou jsme ji\u017e pon\u011bkolik\u00e1t\u00e9 uspo\u0159\u00e1dali s&nbsp;programovou radou festivalu.&nbsp;<\/p>\n\n\n\n<p class=\"wp-block-paragraph\">Historicky prvn\u00edm v\u00edt\u011bzem t\u00e9to v\u00fdzvy byla v roce 2019 kinetick\u00e1 socha <strong>Reflex<\/strong>. Od sv\u00e9 premi\u00e9ry na Signalu se p\u0159edstavila u\u017e na n\u011bkolika dal\u0161\u00edch akc\u00edch a&nbsp;tentokr\u00e1t to byl \u0161v\u00fdcarsk\u00fd multi\u017e\u00e1nrov\u00fd festival <strong>Zauberpark am Flughafen Z\u00fcrich<\/strong>.&nbsp;<\/p>\n\n\n\n<p class=\"wp-block-paragraph\">T\u0159et\u00edm velmi zaj\u00edmav\u00fdm projektem se stala v\u00fdroba <strong>kymatick\u00e9 instalace<\/strong> pro spole\u010dnost Orlen Unipetrol, kter\u00e1 zarezonovala jejich z\u00f3nou na karlovarsk\u00e9m filmov\u00e9m festivalu <strong>KVIFF<\/strong> a&nbsp;pot\u00e9 je\u0161t\u011b na hudebn\u00edm festivalu <strong>Colours of Ostrava<\/strong>.&nbsp;<\/p>\n\n\n\n<h2 class=\"gb-headline gb-headline-32cd2941 gb-headline-text\">Vyrobit se d\u00e1 ledacos<\/h2>\n\n\n\n<p class=\"wp-block-paragraph\">a&nbsp;na\u0161e, u\u017e tak docela pestr\u00e9, zak\u00e1zkov\u00e9 portfolio je zase o&nbsp;n\u011bco barevn\u011bj\u0161\u00ed. Pomohli jsme tisknout segmenty<strong> modul\u00e1rn\u00edho<\/strong> designov\u00e9ho <strong>n\u00e1bytku<\/strong> Ruderal, vyrobili jsme <strong>kostru \u017eirafy<\/strong> v&nbsp;\u017eivotn\u00ed velikosti, repliku<strong> vesm\u00edrn\u00e9 sondy<\/strong>, speci\u00e1ln\u00ed <strong>pom\u016fcku<\/strong> pro n\u00e1cvik o\u010dn\u00ed chirurgie, pam\u011btn\u00ed <strong>poh\u00e1r pro<\/strong> fotbalistu <strong>Petera Olayinku<\/strong>, silikonovou <strong>formu<\/strong> pro odl\u00e9v\u00e1n\u00ed ob\u0159\u00edch \u201ekostek\u201c ledu k&nbsp;chlazen\u00ed sud\u016f s&nbsp;pivem a&nbsp;mnoh\u00e9 dal\u0161\u00ed zaj\u00edmavosti.<\/p>\n\n\n\n<h2 class=\"gb-headline gb-headline-367d7b3e gb-headline-text\">D\u00e1vat zp\u00e1tky<\/h2>\n\n\n\n<p class=\"wp-block-paragraph\">je st\u011b\u017eejn\u00ed <strong>hodnotou PrusaLabu<\/strong> i\u00a0cel\u00e9 skupiny firem <strong>Josefa Pr\u016f\u0161i<\/strong>. Krom\u011b sd\u00edlen\u00ed know-how s\u00a0komunitou maker\u016f se v\u011bnujeme i\u00a0pomoci zdravotn\u011b <strong>znev\u00fdhodn\u011bn\u00fdm lidem<\/strong> (a\u00a0nov\u011b u\u017e<strong> i\u00a0zv\u00ed\u0159at\u016fm<\/strong>).\u00a0T\u011b\u017ece pohybov\u011b hendikepovan\u00e9mu chlapci jsme <strong>splnili p\u0159\u00e1n\u00ed<\/strong> vlastnit a\u00a0<strong>pou\u017e\u00edvat 3D tisk\u00e1rnu<\/strong>, zran\u011bnou <strong>nohu<\/strong> zlat\u00e9ho retr\u00edvra Jeffa <strong>zpevnila<\/strong> na m\u00edru vyroben\u00e1<strong> ort\u00e9za<\/strong> a\u00a0k\u00a0n\u011bkolika d\u011btsk\u00fdm knih\u00e1m jsme na motivy jejich ilustrac\u00ed vytvo\u0159ili sadu <strong>haptick\u00fdch model\u016f pro nevidom\u00e9<\/strong>.<\/p>\n\n\n\n<p class=\"wp-block-paragraph\">P\u0159i tomto ohl\u00e9dnut\u00ed n\u00e1s samotn\u00e9 trochu p\u0159ekvapilo, co v\u0161echno jsme v minul\u00e9m roce stihli realizovat. Ani letos ale nepl\u00e1nujeme v\u00a0tomto tempu p\u0159\u00edli\u0161 polevovat, tak\u017ee se nezapome\u0148te p\u0159ihl\u00e1sit k\u00a0odb\u011bru novinek a\u00a0sledujte na\u0161e soci\u00e1ln\u00ed s\u00edt\u011b <a href=\"https:\/\/www.linkedin.com\/company\/prusalab\">LinkedIn<\/a>, <a href=\"https:\/\/www.facebook.com\/PrusaLab\">Facebook<\/a>, <a href=\"https:\/\/www.instagram.com\/prusalab\/\">Instagram<\/a> a\u00a0<a href=\"https:\/\/www.youtube.com\/@PrusaLab\">YouTube<\/a>, aby v\u00e1m neunikl n\u011bjak\u00fd zaj\u00edmav\u00fd projekt, na kter\u00e9m pr\u00e1v\u011b pracujeme.<\/p>","protected":false},"excerpt":{"rendered":"<p>Lo\u0148sk\u00fd rok byl pro n\u00e1s doslova kaleidoskopem r\u016fznorod\u00fdch projekt\u016f, od komer\u010dn\u00edch zak\u00e1zek, p\u0159es velk\u00e9 um\u011bleck\u00e9 instalace, akcelera\u010dn\u00ed program pro startupy<\/p>","protected":false},"author":1,"featured_media":30260,"comment_status":"closed","ping_status":"closed","sticky":false,"template":"","format":"standard","meta":{"footnotes":""},"categories":[94,95],"tags":[],"class_list":["post-30258","post","type-post","status-publish","format-standard","has-post-thumbnail","hentry","category-rekapitulace","category-sestrih"],"yoast_head":"<!-- This site is optimized with the Yoast SEO plugin v28.3 - https:\/\/yoast.com\/product\/yoast-seo-wordpress\/ -->\n<title>PrusaLab souhrn 2023: Za kulisy neuv\u011b\u0159iteln\u00fdch projekt\u016f - PrusaLab<\/title>\n<meta name=\"robots\" content=\"index, follow, max-snippet:-1, max-image-preview:large, max-video-preview:-1\" \/>\n<link rel=\"canonical\" href=\"https:\/\/prusalab.cz\/en\/prusalab-souhrn-2023-za-kulisy-neuveritelnych-projektu\/\" \/>\n<meta property=\"og:locale\" content=\"en_GB\" \/>\n<meta property=\"og:type\" content=\"article\" \/>\n<meta property=\"og:title\" content=\"PrusaLab souhrn 2023: Za kulisy neuv\u011b\u0159iteln\u00fdch projekt\u016f - PrusaLab\" \/>\n<meta property=\"og:description\" content=\"Lo\u0148sk\u00fd rok byl pro n\u00e1s doslova kaleidoskopem r\u016fznorod\u00fdch projekt\u016f, od komer\u010dn\u00edch zak\u00e1zek, p\u0159es velk\u00e9 um\u011bleck\u00e9 instalace, akcelera\u010dn\u00ed program pro startupy\" \/>\n<meta property=\"og:url\" content=\"https:\/\/prusalab.cz\/en\/prusalab-souhrn-2023-za-kulisy-neuveritelnych-projektu\/\" \/>\n<meta property=\"og:site_name\" content=\"PrusaLab\" \/>\n<meta property=\"article:publisher\" content=\"https:\/\/www.facebook.com\/PrusaLab\" \/>\n<meta property=\"article:published_time\" content=\"2024-01-10T09:53:47+00:00\" \/>\n<meta property=\"og:image\" content=\"https:\/\/prusalab.cz\/wp-content\/uploads\/2024\/01\/MG_6170MFBrnoM-scaled-1.jpg\" \/>\n\t<meta property=\"og:image:width\" content=\"2048\" \/>\n\t<meta property=\"og:image:height\" content=\"1365\" \/>\n\t<meta property=\"og:image:type\" content=\"image\/jpeg\" \/>\n<meta name=\"author\" content=\"admin\" \/>\n<meta name=\"twitter:card\" content=\"summary_large_image\" \/>\n<meta name=\"twitter:label1\" content=\"Written by\" \/>\n\t<meta name=\"twitter:data1\" content=\"admin\" \/>\n\t<meta name=\"twitter:label2\" content=\"Est. reading time\" \/>\n\t<meta name=\"twitter:data2\" content=\"4 minutes\" \/>\n<script type=\"application\/ld+json\" class=\"yoast-schema-graph\">{\"@context\":\"https:\\\/\\\/schema.org\",\"@graph\":[{\"@type\":\"Article\",\"@id\":\"https:\\\/\\\/prusalab.cz\\\/prusalab-souhrn-2023-za-kulisy-neuveritelnych-projektu\\\/#article\",\"isPartOf\":{\"@id\":\"https:\\\/\\\/prusalab.cz\\\/prusalab-souhrn-2023-za-kulisy-neuveritelnych-projektu\\\/\"},\"author\":{\"name\":\"admin\",\"@id\":\"https:\\\/\\\/prusalab.cz\\\/#\\\/schema\\\/person\\\/8ce07076a3fd999af15269abad8e738e\"},\"headline\":\"PrusaLab souhrn 2023: Za kulisy neuv\u011b\u0159iteln\u00fdch projekt\u016f\",\"datePublished\":\"2024-01-10T09:53:47+00:00\",\"mainEntityOfPage\":{\"@id\":\"https:\\\/\\\/prusalab.cz\\\/prusalab-souhrn-2023-za-kulisy-neuveritelnych-projektu\\\/\"},\"wordCount\":802,\"publisher\":{\"@id\":\"https:\\\/\\\/prusalab.cz\\\/#organization\"},\"image\":{\"@id\":\"https:\\\/\\\/prusalab.cz\\\/prusalab-souhrn-2023-za-kulisy-neuveritelnych-projektu\\\/#primaryimage\"},\"thumbnailUrl\":\"https:\\\/\\\/prusalab.cz\\\/wp-content\\\/uploads\\\/2024\\\/01\\\/MG_6170MFBrnoM-scaled-1.jpg\",\"articleSection\":[\"Rekapitulace\",\"Sest\u0159ih\"],\"inLanguage\":\"en-GB\"},{\"@type\":\"WebPage\",\"@id\":\"https:\\\/\\\/prusalab.cz\\\/prusalab-souhrn-2023-za-kulisy-neuveritelnych-projektu\\\/\",\"url\":\"https:\\\/\\\/prusalab.cz\\\/prusalab-souhrn-2023-za-kulisy-neuveritelnych-projektu\\\/\",\"name\":\"PrusaLab souhrn 2023: Za kulisy neuv\u011b\u0159iteln\u00fdch projekt\u016f - PrusaLab\",\"isPartOf\":{\"@id\":\"https:\\\/\\\/prusalab.cz\\\/#website\"},\"primaryImageOfPage\":{\"@id\":\"https:\\\/\\\/prusalab.cz\\\/prusalab-souhrn-2023-za-kulisy-neuveritelnych-projektu\\\/#primaryimage\"},\"image\":{\"@id\":\"https:\\\/\\\/prusalab.cz\\\/prusalab-souhrn-2023-za-kulisy-neuveritelnych-projektu\\\/#primaryimage\"},\"thumbnailUrl\":\"https:\\\/\\\/prusalab.cz\\\/wp-content\\\/uploads\\\/2024\\\/01\\\/MG_6170MFBrnoM-scaled-1.jpg\",\"datePublished\":\"2024-01-10T09:53:47+00:00\",\"breadcrumb\":{\"@id\":\"https:\\\/\\\/prusalab.cz\\\/prusalab-souhrn-2023-za-kulisy-neuveritelnych-projektu\\\/#breadcrumb\"},\"inLanguage\":\"en-GB\",\"potentialAction\":[{\"@type\":\"ReadAction\",\"target\":[\"https:\\\/\\\/prusalab.cz\\\/prusalab-souhrn-2023-za-kulisy-neuveritelnych-projektu\\\/\"]}]},{\"@type\":\"ImageObject\",\"inLanguage\":\"en-GB\",\"@id\":\"https:\\\/\\\/prusalab.cz\\\/prusalab-souhrn-2023-za-kulisy-neuveritelnych-projektu\\\/#primaryimage\",\"url\":\"https:\\\/\\\/prusalab.cz\\\/wp-content\\\/uploads\\\/2024\\\/01\\\/MG_6170MFBrnoM-scaled-1.jpg\",\"contentUrl\":\"https:\\\/\\\/prusalab.cz\\\/wp-content\\\/uploads\\\/2024\\\/01\\\/MG_6170MFBrnoM-scaled-1.jpg\",\"width\":2048,\"height\":1365},{\"@type\":\"BreadcrumbList\",\"@id\":\"https:\\\/\\\/prusalab.cz\\\/prusalab-souhrn-2023-za-kulisy-neuveritelnych-projektu\\\/#breadcrumb\",\"itemListElement\":[{\"@type\":\"ListItem\",\"position\":1,\"name\":\"Dom\u016f\",\"item\":\"https:\\\/\\\/prusalab.cz\\\/\"},{\"@type\":\"ListItem\",\"position\":2,\"name\":\"PrusaLab souhrn 2023: Za kulisy neuv\u011b\u0159iteln\u00fdch projekt\u016f\"}]},{\"@type\":\"WebSite\",\"@id\":\"https:\\\/\\\/prusalab.cz\\\/#website\",\"url\":\"https:\\\/\\\/prusalab.cz\\\/\",\"name\":\"PrusaLab\",\"description\":\"Hi-tech prototypov\u00e1 d\u00edlna v pra\u017esk\u00fdch Hole\u0161ovic\u00edch\",\"publisher\":{\"@id\":\"https:\\\/\\\/prusalab.cz\\\/#organization\"},\"potentialAction\":[{\"@type\":\"SearchAction\",\"target\":{\"@type\":\"EntryPoint\",\"urlTemplate\":\"https:\\\/\\\/prusalab.cz\\\/?s={search_term_string}\"},\"query-input\":{\"@type\":\"PropertyValueSpecification\",\"valueRequired\":true,\"valueName\":\"search_term_string\"}}],\"inLanguage\":\"en-GB\"},{\"@type\":\"Organization\",\"@id\":\"https:\\\/\\\/prusalab.cz\\\/#organization\",\"name\":\"PrusaLab\",\"url\":\"https:\\\/\\\/prusalab.cz\\\/\",\"logo\":{\"@type\":\"ImageObject\",\"inLanguage\":\"en-GB\",\"@id\":\"https:\\\/\\\/prusalab.cz\\\/#\\\/schema\\\/logo\\\/image\\\/\",\"url\":\"https:\\\/\\\/prusalab.cz\\\/wp-content\\\/uploads\\\/2026\\\/02\\\/logo-1.svg\",\"contentUrl\":\"https:\\\/\\\/prusalab.cz\\\/wp-content\\\/uploads\\\/2026\\\/02\\\/logo-1.svg\",\"width\":1116,\"height\":187,\"caption\":\"PrusaLab\"},\"image\":{\"@id\":\"https:\\\/\\\/prusalab.cz\\\/#\\\/schema\\\/logo\\\/image\\\/\"},\"sameAs\":[\"https:\\\/\\\/www.facebook.com\\\/PrusaLab\",\"https:\\\/\\\/www.instagram.com\\\/prusalab\",\"https:\\\/\\\/www.youtube.com\\\/@PrusaLab\"]},{\"@type\":\"Person\",\"@id\":\"https:\\\/\\\/prusalab.cz\\\/#\\\/schema\\\/person\\\/8ce07076a3fd999af15269abad8e738e\",\"name\":\"admin\",\"image\":{\"@type\":\"ImageObject\",\"inLanguage\":\"en-GB\",\"@id\":\"https:\\\/\\\/secure.gravatar.com\\\/avatar\\\/3a21ed637fec367b08a32ea051a22acfc0c074b7d724abf5ad0bc4b49657b9f8?s=96&d=mm&r=g\",\"url\":\"https:\\\/\\\/secure.gravatar.com\\\/avatar\\\/3a21ed637fec367b08a32ea051a22acfc0c074b7d724abf5ad0bc4b49657b9f8?s=96&d=mm&r=g\",\"contentUrl\":\"https:\\\/\\\/secure.gravatar.com\\\/avatar\\\/3a21ed637fec367b08a32ea051a22acfc0c074b7d724abf5ad0bc4b49657b9f8?s=96&d=mm&r=g\",\"caption\":\"admin\"},\"sameAs\":[\"https:\\\/\\\/prusalab.cz\"],\"url\":\"https:\\\/\\\/prusalab.cz\\\/en\\\/author\\\/admin\\\/\"}]}<\/script>\n<!-- \/ Yoast SEO plugin. -->","yoast_head_json":{"title":"PrusaLab souhrn 2023: Za kulisy neuv\u011b\u0159iteln\u00fdch projekt\u016f - PrusaLab","robots":{"index":"index","follow":"follow","max-snippet":"max-snippet:-1","max-image-preview":"max-image-preview:large","max-video-preview":"max-video-preview:-1"},"canonical":"https:\/\/prusalab.cz\/en\/prusalab-souhrn-2023-za-kulisy-neuveritelnych-projektu\/","og_locale":"en_GB","og_type":"article","og_title":"PrusaLab souhrn 2023: Za kulisy neuv\u011b\u0159iteln\u00fdch projekt\u016f - PrusaLab","og_description":"Lo\u0148sk\u00fd rok byl pro n\u00e1s doslova kaleidoskopem r\u016fznorod\u00fdch projekt\u016f, od komer\u010dn\u00edch zak\u00e1zek, p\u0159es velk\u00e9 um\u011bleck\u00e9 instalace, akcelera\u010dn\u00ed program pro startupy","og_url":"https:\/\/prusalab.cz\/en\/prusalab-souhrn-2023-za-kulisy-neuveritelnych-projektu\/","og_site_name":"PrusaLab","article_publisher":"https:\/\/www.facebook.com\/PrusaLab","article_published_time":"2024-01-10T09:53:47+00:00","og_image":[{"width":2048,"height":1365,"url":"https:\/\/prusalab.cz\/wp-content\/uploads\/2024\/01\/MG_6170MFBrnoM-scaled-1.jpg","type":"image\/jpeg"}],"author":"admin","twitter_card":"summary_large_image","twitter_misc":{"Written by":"admin","Est. reading time":"4 minutes"},"schema":{"@context":"https:\/\/schema.org","@graph":[{"@type":"Article","@id":"https:\/\/prusalab.cz\/prusalab-souhrn-2023-za-kulisy-neuveritelnych-projektu\/#article","isPartOf":{"@id":"https:\/\/prusalab.cz\/prusalab-souhrn-2023-za-kulisy-neuveritelnych-projektu\/"},"author":{"name":"admin","@id":"https:\/\/prusalab.cz\/#\/schema\/person\/8ce07076a3fd999af15269abad8e738e"},"headline":"PrusaLab souhrn 2023: Za kulisy neuv\u011b\u0159iteln\u00fdch projekt\u016f","datePublished":"2024-01-10T09:53:47+00:00","mainEntityOfPage":{"@id":"https:\/\/prusalab.cz\/prusalab-souhrn-2023-za-kulisy-neuveritelnych-projektu\/"},"wordCount":802,"publisher":{"@id":"https:\/\/prusalab.cz\/#organization"},"image":{"@id":"https:\/\/prusalab.cz\/prusalab-souhrn-2023-za-kulisy-neuveritelnych-projektu\/#primaryimage"},"thumbnailUrl":"https:\/\/prusalab.cz\/wp-content\/uploads\/2024\/01\/MG_6170MFBrnoM-scaled-1.jpg","articleSection":["Rekapitulace","Sest\u0159ih"],"inLanguage":"en-GB"},{"@type":"WebPage","@id":"https:\/\/prusalab.cz\/prusalab-souhrn-2023-za-kulisy-neuveritelnych-projektu\/","url":"https:\/\/prusalab.cz\/prusalab-souhrn-2023-za-kulisy-neuveritelnych-projektu\/","name":"PrusaLab souhrn 2023: Za kulisy neuv\u011b\u0159iteln\u00fdch projekt\u016f - PrusaLab","isPartOf":{"@id":"https:\/\/prusalab.cz\/#website"},"primaryImageOfPage":{"@id":"https:\/\/prusalab.cz\/prusalab-souhrn-2023-za-kulisy-neuveritelnych-projektu\/#primaryimage"},"image":{"@id":"https:\/\/prusalab.cz\/prusalab-souhrn-2023-za-kulisy-neuveritelnych-projektu\/#primaryimage"},"thumbnailUrl":"https:\/\/prusalab.cz\/wp-content\/uploads\/2024\/01\/MG_6170MFBrnoM-scaled-1.jpg","datePublished":"2024-01-10T09:53:47+00:00","breadcrumb":{"@id":"https:\/\/prusalab.cz\/prusalab-souhrn-2023-za-kulisy-neuveritelnych-projektu\/#breadcrumb"},"inLanguage":"en-GB","potentialAction":[{"@type":"ReadAction","target":["https:\/\/prusalab.cz\/prusalab-souhrn-2023-za-kulisy-neuveritelnych-projektu\/"]}]},{"@type":"ImageObject","inLanguage":"en-GB","@id":"https:\/\/prusalab.cz\/prusalab-souhrn-2023-za-kulisy-neuveritelnych-projektu\/#primaryimage","url":"https:\/\/prusalab.cz\/wp-content\/uploads\/2024\/01\/MG_6170MFBrnoM-scaled-1.jpg","contentUrl":"https:\/\/prusalab.cz\/wp-content\/uploads\/2024\/01\/MG_6170MFBrnoM-scaled-1.jpg","width":2048,"height":1365},{"@type":"BreadcrumbList","@id":"https:\/\/prusalab.cz\/prusalab-souhrn-2023-za-kulisy-neuveritelnych-projektu\/#breadcrumb","itemListElement":[{"@type":"ListItem","position":1,"name":"Dom\u016f","item":"https:\/\/prusalab.cz\/"},{"@type":"ListItem","position":2,"name":"PrusaLab souhrn 2023: Za kulisy neuv\u011b\u0159iteln\u00fdch projekt\u016f"}]},{"@type":"WebSite","@id":"https:\/\/prusalab.cz\/#website","url":"https:\/\/prusalab.cz\/","name":"PrusaLab","description":"High-tech prototype workshop in Prague's Hole\u0161ovice","publisher":{"@id":"https:\/\/prusalab.cz\/#organization"},"potentialAction":[{"@type":"SearchAction","target":{"@type":"EntryPoint","urlTemplate":"https:\/\/prusalab.cz\/?s={search_term_string}"},"query-input":{"@type":"PropertyValueSpecification","valueRequired":true,"valueName":"search_term_string"}}],"inLanguage":"en-GB"},{"@type":"Organization","@id":"https:\/\/prusalab.cz\/#organization","name":"PrusaLab","url":"https:\/\/prusalab.cz\/","logo":{"@type":"ImageObject","inLanguage":"en-GB","@id":"https:\/\/prusalab.cz\/#\/schema\/logo\/image\/","url":"https:\/\/prusalab.cz\/wp-content\/uploads\/2026\/02\/logo-1.svg","contentUrl":"https:\/\/prusalab.cz\/wp-content\/uploads\/2026\/02\/logo-1.svg","width":1116,"height":187,"caption":"PrusaLab"},"image":{"@id":"https:\/\/prusalab.cz\/#\/schema\/logo\/image\/"},"sameAs":["https:\/\/www.facebook.com\/PrusaLab","https:\/\/www.instagram.com\/prusalab","https:\/\/www.youtube.com\/@PrusaLab"]},{"@type":"Person","@id":"https:\/\/prusalab.cz\/#\/schema\/person\/8ce07076a3fd999af15269abad8e738e","name":"administrator","image":{"@type":"ImageObject","inLanguage":"en-GB","@id":"https:\/\/secure.gravatar.com\/avatar\/3a21ed637fec367b08a32ea051a22acfc0c074b7d724abf5ad0bc4b49657b9f8?s=96&d=mm&r=g","url":"https:\/\/secure.gravatar.com\/avatar\/3a21ed637fec367b08a32ea051a22acfc0c074b7d724abf5ad0bc4b49657b9f8?s=96&d=mm&r=g","contentUrl":"https:\/\/secure.gravatar.com\/avatar\/3a21ed637fec367b08a32ea051a22acfc0c074b7d724abf5ad0bc4b49657b9f8?s=96&d=mm&r=g","caption":"admin"},"sameAs":["https:\/\/prusalab.cz"],"url":"https:\/\/prusalab.cz\/en\/author\/admin\/"}]}},"_links":{"self":[{"href":"https:\/\/prusalab.cz\/en\/wp-json\/wp\/v2\/posts\/30258","targetHints":{"allow":["GET"]}}],"collection":[{"href":"https:\/\/prusalab.cz\/en\/wp-json\/wp\/v2\/posts"}],"about":[{"href":"https:\/\/prusalab.cz\/en\/wp-json\/wp\/v2\/types\/post"}],"author":[{"embeddable":true,"href":"https:\/\/prusalab.cz\/en\/wp-json\/wp\/v2\/users\/1"}],"replies":[{"embeddable":true,"href":"https:\/\/prusalab.cz\/en\/wp-json\/wp\/v2\/comments?post=30258"}],"version-history":[{"count":0,"href":"https:\/\/prusalab.cz\/en\/wp-json\/wp\/v2\/posts\/30258\/revisions"}],"wp:featuredmedia":[{"embeddable":true,"href":"https:\/\/prusalab.cz\/en\/wp-json\/wp\/v2\/media\/30260"}],"wp:attachment":[{"href":"https:\/\/prusalab.cz\/en\/wp-json\/wp\/v2\/media?parent=30258"}],"wp:term":[{"taxonomy":"category","embeddable":true,"href":"https:\/\/prusalab.cz\/en\/wp-json\/wp\/v2\/categories?post=30258"},{"taxonomy":"post_tag","embeddable":true,"href":"https:\/\/prusalab.cz\/en\/wp-json\/wp\/v2\/tags?post=30258"}],"curies":[{"name":"wp","href":"https:\/\/api.w.org\/{rel}","templated":true}]}}