{"id":29681,"date":"2023-09-20T09:40:02","date_gmt":"2023-09-20T08:40:02","guid":{"rendered":"https:\/\/prusalab.cz\/?p=29681"},"modified":"2023-09-20T09:40:02","modified_gmt":"2023-09-20T08:40:02","slug":"ukazky-praktickeho-vyuziti-3d-tisku-na-eon-ekofestivalu-2023","status":"publish","type":"post","link":"https:\/\/prusalab.cz\/en\/ukazky-praktickeho-vyuziti-3d-tisku-na-eon-ekofestivalu-2023\/","title":{"rendered":"Examples of practical applications of 3D printing at the E.ON Ekofestival 2023"},"content":{"rendered":"<p class=\"wp-block-paragraph\">Jeden z&nbsp;prvn\u00edch ekologick\u00fdch festival\u016f v&nbsp;\u010cesku za\u010d\u00e1tkem z\u00e1\u0159\u00ed propojil z\u00e1bavu a&nbsp;inspiraci. Hudebn\u00ed vystoupen\u00ed zn\u00e1m\u00fdch osobnost\u00ed, odborn\u00e9 p\u0159edn\u00e1\u0161ky a&nbsp;workshopy, vyhl\u00e1\u0161en\u00ed leto\u0161n\u00edch v\u00edt\u011bz\u016f ekologick\u00e9 sout\u011b\u017ee E.ON&nbsp;Energy&nbsp;Globe a&nbsp;bohat\u00fd doprovodn\u00fd program \u2013&nbsp;to byl prvn\u00ed ro\u010dn\u00edk <a href=\"https:\/\/www.eon.cz\/energy-globe\/ekofestival\/\">Eon Ekofestivalu<\/a>, na kter\u00e9m jsme nemohli chyb\u011bt ani my.<\/p>\n\n\n\n<figure class=\"gb-block-image gb-block-image-62eba64c\"><img decoding=\"async\" class=\"gb-image gb-image-62eba64c\" src=\"https:\/\/prusalab.cz\/wp-content\/uploads\/2024\/03\/E.ONFEST-018.jpeg\" alt=\"\" title=\"E.ONFEST-018\"\/><\/figure>\n\n\n\n<p class=\"wp-block-paragraph\">FDM 3D tisk, kter\u00fd vyu\u017e\u00edv\u00e1 plastov\u00e9 materi\u00e1ly na prvn\u00ed pohled p\u0159\u00edli\u0161 ekologicky nep\u016fsob\u00ed, v\u00fdznamnou roli v&nbsp;t\u00e9to ot\u00e1zce ale hraje konkr\u00e9tn\u00ed vyu\u017eit\u00ed tisku. Dekorativn\u00ed p\u0159edm\u011bty bez dal\u0161\u00edho vyu\u017eit\u00ed, kter\u00e9 se d\u0159\u00edve nebo pozd\u011bji prom\u011bn\u00ed v&nbsp;neu\u017eite\u010dn\u00fd odpad skute\u010dn\u011b na\u0161emu odv\u011btv\u00ed dobrou pov\u011bst nep\u0159in\u00e1\u0161\u00ed. Vzali jsme si proto za c\u00edl inspirovat ve\u0159ejnost k&nbsp;tvorb\u011b praktick\u00fdch p\u0159edm\u011bt\u016f s&nbsp;vy\u0161\u0161\u00ed p\u0159idanou hodnotou a&nbsp;p\u0159\u00ednosem spole\u010dnosti. Ten nemus\u00ed b\u00fdt jen ekologick\u00fd a&nbsp;ekonomick\u00fd v&nbsp;podob\u011b p\u0159\u00edrod\u011b \u0161etrn\u00fdch materi\u00e1l\u016f a&nbsp;\u00faspory n\u00e1klad\u016f. Sv\u00e9 m\u00edsto zde maj\u00ed i&nbsp;v\u00fdrobky, kter\u00e9 pom\u00e1haj\u00ed zdravotn\u011b, ment\u00e1ln\u011b, soci\u00e1ln\u011b, \u010di jinak znev\u00fdhodn\u011bn\u00fdm lidem.<\/p>\n\n\n\n<figure class=\"gb-block-image gb-block-image-a373a0f3\"><img decoding=\"async\" class=\"gb-image gb-image-a373a0f3\" src=\"https:\/\/prusalab.cz\/wp-content\/uploads\/2024\/03\/E.ONFEST-094.jpeg\" alt=\"\" title=\"E.ONFEST-094\"\/><\/figure>\n\n\n\n<p class=\"wp-block-paragraph\">A p\u0159edvedli jsme toho opravdu hodn\u011b. V PrusaLab z\u00f3n\u011b v&nbsp;Kas\u00e1rn\u00e1ch&nbsp;Karl\u00edn jsme uk\u00e1zali:<\/p>\n\n\n\n<ul class=\"wp-block-list\">\n<li><a href=\"https:\/\/prusalab.cz\/en\/blog\/hapticke-modely\/\">Haptick\u00e9 modely<\/a> pro nevidom\u00e9, d\u00edky kter\u00fdm si mohou \u201eprohl\u00e9dnout\u201c ilustrace knih,<\/li>\n\n\n\n<li><a href=\"https:\/\/prusalab.cz\/en\/portfolio\/vytistena-dlaha-pomuze-i-vice-nez-6-lidem-denne\/\">polohovatelnou dlahu<\/a> pro stre\u010dink zkr\u00e1cen\u00fdch sval\u016f pacient\u016f po c\u00e9vn\u00ed mozkov\u00e9 p\u0159\u00edhod\u011b,<\/li>\n\n\n\n<li><a href=\"https:\/\/www.facebook.com\/PrusaLab\/posts\/pfbid0M7UBWdABtaKxffjrUz3SvnEMNch6BYsthuxkeRYZrb5S2fMJMj88Ku2UDwtvHhmBl\">zar\u00e1\u017eku bo\u010dnice nemocni\u010dn\u00edho l\u016f\u017eka<\/a>, kter\u00e1 s&nbsp;minim\u00e1ln\u00edmi n\u00e1klady odstranila z\u00e1sadn\u00ed nedostatek tohoto za\u0159\u00edzen\u00ed,<\/li>\n\n\n\n<li>speci\u00e1ln\u00ed <a href=\"https:\/\/prusalab.cz\/en\/blog\/sportovni-vybaveni-hendikepovaneho-hrace\/\">sportovn\u00ed pom\u016fcku<\/a> pro hran\u00ed paralympijsk\u00e9 discipl\u00edny boccia, vyrobenou na m\u00edru sportovkyn\u011b se sn\u00ed\u017eenou pohyblivost\u00ed,<\/li>\n\n\n\n<li><a href=\"https:\/\/prusalab.cz\/en\/blog\/je-to-designovy-nabytek-nebo-obri-stavebnice\/\">ruderal<\/a> \u2013&nbsp;syst\u00e9m modul\u00e1rn\u00edho n\u00e1bytku z&nbsp;recyklovan\u00fdch materi\u00e1l\u016f (nejen) pro uprchlick\u00e1 centra a&nbsp;azylov\u00e9 domy,<\/li>\n\n\n\n<li>experiment\u00e1ln\u00ed <a href=\"https:\/\/prusalab.cz\/en\/blog\/velkoformat-roboruka\/\">velkoform\u00e1tov\u00fd tisk<\/a> z&nbsp;recykl\u00e1tu pomoc\u00ed robotick\u00e9ho ramene a&nbsp;peletov\u00e9ho extrud\u00e9ru<\/li>\n\n\n\n<li>a&nbsp;b\u011bhem workshopu z\u00e1klad\u016f 3D&nbsp;tisku pro n\u00e1v\u0161t\u011bvn\u00edky jsme p\u0159edstavili tisk\u00e1rny Original Prusa MK4 a&nbsp;Original Prusa XL s&nbsp;p\u011bti tiskov\u00fdmi hlavami, na kter\u00fdch jsme tiskli p\u0159ev\u00e1\u017en\u011b z&nbsp;recyklovan\u00fdch tiskov\u00fdch strun.<\/li>\n<\/ul>","protected":false},"excerpt":{"rendered":"<p>Jeden z&nbsp;prvn\u00edch ekologick\u00fdch festival\u016f v&nbsp;\u010cesku za\u010d\u00e1tkem z\u00e1\u0159\u00ed propojil z\u00e1bavu a&nbsp;inspiraci. Hudebn\u00ed vystoupen\u00ed zn\u00e1m\u00fdch osobnost\u00ed, odborn\u00e9 p\u0159edn\u00e1\u0161ky a&nbsp;workshopy, vyhl\u00e1\u0161en\u00ed leto\u0161n\u00edch v\u00edt\u011bz\u016f<\/p>","protected":false},"author":1,"featured_media":29804,"comment_status":"closed","ping_status":"closed","sticky":false,"template":"","format":"standard","meta":{"footnotes":""},"categories":[91],"tags":[],"class_list":["post-29681","post","type-post","status-publish","format-standard","has-post-thumbnail","hentry","category-udalosti"],"yoast_head":"<!-- This site is optimized with the Yoast SEO plugin v28.3 - https:\/\/yoast.com\/product\/yoast-seo-wordpress\/ -->\n<title>Uk\u00e1zky praktick\u00e9ho vyu\u017eit\u00ed 3D tisku na Eon Ekofestivalu 2023 - PrusaLab<\/title>\n<meta name=\"robots\" content=\"index, follow, max-snippet:-1, max-image-preview:large, max-video-preview:-1\" \/>\n<link rel=\"canonical\" href=\"https:\/\/prusalab.cz\/en\/ukazky-praktickeho-vyuziti-3d-tisku-na-eon-ekofestivalu-2023\/\" \/>\n<meta property=\"og:locale\" content=\"en_GB\" \/>\n<meta property=\"og:type\" content=\"article\" \/>\n<meta property=\"og:title\" content=\"Uk\u00e1zky praktick\u00e9ho vyu\u017eit\u00ed 3D tisku na Eon Ekofestivalu 2023 - PrusaLab\" \/>\n<meta property=\"og:description\" content=\"Jeden z&nbsp;prvn\u00edch ekologick\u00fdch festival\u016f v&nbsp;\u010cesku za\u010d\u00e1tkem z\u00e1\u0159\u00ed propojil z\u00e1bavu a&nbsp;inspiraci. Hudebn\u00ed vystoupen\u00ed zn\u00e1m\u00fdch osobnost\u00ed, odborn\u00e9 p\u0159edn\u00e1\u0161ky a&nbsp;workshopy, vyhl\u00e1\u0161en\u00ed leto\u0161n\u00edch v\u00edt\u011bz\u016f\" \/>\n<meta property=\"og:url\" content=\"https:\/\/prusalab.cz\/en\/ukazky-praktickeho-vyuziti-3d-tisku-na-eon-ekofestivalu-2023\/\" \/>\n<meta property=\"og:site_name\" content=\"PrusaLab\" \/>\n<meta property=\"article:publisher\" content=\"https:\/\/www.facebook.com\/PrusaLab\" \/>\n<meta property=\"article:published_time\" content=\"2023-09-20T08:40:02+00:00\" \/>\n<meta property=\"og:image\" content=\"https:\/\/prusalab.cz\/wp-content\/uploads\/2023\/09\/b8bccd4d-e.onfest-093.jpeg\" \/>\n\t<meta property=\"og:image:width\" content=\"2048\" \/>\n\t<meta property=\"og:image:height\" content=\"1366\" \/>\n\t<meta property=\"og:image:type\" content=\"image\/jpeg\" \/>\n<meta name=\"author\" content=\"admin\" \/>\n<meta name=\"twitter:card\" content=\"summary_large_image\" \/>\n<meta name=\"twitter:label1\" content=\"Written by\" \/>\n\t<meta name=\"twitter:data1\" content=\"admin\" \/>\n\t<meta name=\"twitter:label2\" content=\"Est. reading time\" \/>\n\t<meta name=\"twitter:data2\" content=\"2 minutes\" \/>\n<script type=\"application\/ld+json\" class=\"yoast-schema-graph\">{\"@context\":\"https:\\\/\\\/schema.org\",\"@graph\":[{\"@type\":\"Article\",\"@id\":\"https:\\\/\\\/prusalab.cz\\\/ukazky-praktickeho-vyuziti-3d-tisku-na-eon-ekofestivalu-2023\\\/#article\",\"isPartOf\":{\"@id\":\"https:\\\/\\\/prusalab.cz\\\/ukazky-praktickeho-vyuziti-3d-tisku-na-eon-ekofestivalu-2023\\\/\"},\"author\":{\"name\":\"admin\",\"@id\":\"https:\\\/\\\/prusalab.cz\\\/#\\\/schema\\\/person\\\/8ce07076a3fd999af15269abad8e738e\"},\"headline\":\"Uk\u00e1zky praktick\u00e9ho vyu\u017eit\u00ed 3D tisku na Eon Ekofestivalu 2023\",\"datePublished\":\"2023-09-20T08:40:02+00:00\",\"mainEntityOfPage\":{\"@id\":\"https:\\\/\\\/prusalab.cz\\\/ukazky-praktickeho-vyuziti-3d-tisku-na-eon-ekofestivalu-2023\\\/\"},\"wordCount\":418,\"publisher\":{\"@id\":\"https:\\\/\\\/prusalab.cz\\\/#organization\"},\"image\":{\"@id\":\"https:\\\/\\\/prusalab.cz\\\/ukazky-praktickeho-vyuziti-3d-tisku-na-eon-ekofestivalu-2023\\\/#primaryimage\"},\"thumbnailUrl\":\"https:\\\/\\\/prusalab.cz\\\/wp-content\\\/uploads\\\/2023\\\/09\\\/b8bccd4d-e.onfest-093.jpeg\",\"articleSection\":[\"Ud\u00e1losti\"],\"inLanguage\":\"en-GB\"},{\"@type\":\"WebPage\",\"@id\":\"https:\\\/\\\/prusalab.cz\\\/ukazky-praktickeho-vyuziti-3d-tisku-na-eon-ekofestivalu-2023\\\/\",\"url\":\"https:\\\/\\\/prusalab.cz\\\/ukazky-praktickeho-vyuziti-3d-tisku-na-eon-ekofestivalu-2023\\\/\",\"name\":\"Uk\u00e1zky praktick\u00e9ho vyu\u017eit\u00ed 3D tisku na Eon Ekofestivalu 2023 - PrusaLab\",\"isPartOf\":{\"@id\":\"https:\\\/\\\/prusalab.cz\\\/#website\"},\"primaryImageOfPage\":{\"@id\":\"https:\\\/\\\/prusalab.cz\\\/ukazky-praktickeho-vyuziti-3d-tisku-na-eon-ekofestivalu-2023\\\/#primaryimage\"},\"image\":{\"@id\":\"https:\\\/\\\/prusalab.cz\\\/ukazky-praktickeho-vyuziti-3d-tisku-na-eon-ekofestivalu-2023\\\/#primaryimage\"},\"thumbnailUrl\":\"https:\\\/\\\/prusalab.cz\\\/wp-content\\\/uploads\\\/2023\\\/09\\\/b8bccd4d-e.onfest-093.jpeg\",\"datePublished\":\"2023-09-20T08:40:02+00:00\",\"breadcrumb\":{\"@id\":\"https:\\\/\\\/prusalab.cz\\\/ukazky-praktickeho-vyuziti-3d-tisku-na-eon-ekofestivalu-2023\\\/#breadcrumb\"},\"inLanguage\":\"en-GB\",\"potentialAction\":[{\"@type\":\"ReadAction\",\"target\":[\"https:\\\/\\\/prusalab.cz\\\/ukazky-praktickeho-vyuziti-3d-tisku-na-eon-ekofestivalu-2023\\\/\"]}]},{\"@type\":\"ImageObject\",\"inLanguage\":\"en-GB\",\"@id\":\"https:\\\/\\\/prusalab.cz\\\/ukazky-praktickeho-vyuziti-3d-tisku-na-eon-ekofestivalu-2023\\\/#primaryimage\",\"url\":\"https:\\\/\\\/prusalab.cz\\\/wp-content\\\/uploads\\\/2023\\\/09\\\/b8bccd4d-e.onfest-093.jpeg\",\"contentUrl\":\"https:\\\/\\\/prusalab.cz\\\/wp-content\\\/uploads\\\/2023\\\/09\\\/b8bccd4d-e.onfest-093.jpeg\",\"width\":2048,\"height\":1366},{\"@type\":\"BreadcrumbList\",\"@id\":\"https:\\\/\\\/prusalab.cz\\\/ukazky-praktickeho-vyuziti-3d-tisku-na-eon-ekofestivalu-2023\\\/#breadcrumb\",\"itemListElement\":[{\"@type\":\"ListItem\",\"position\":1,\"name\":\"Dom\u016f\",\"item\":\"https:\\\/\\\/prusalab.cz\\\/\"},{\"@type\":\"ListItem\",\"position\":2,\"name\":\"Uk\u00e1zky praktick\u00e9ho vyu\u017eit\u00ed 3D tisku na Eon Ekofestivalu 2023\"}]},{\"@type\":\"WebSite\",\"@id\":\"https:\\\/\\\/prusalab.cz\\\/#website\",\"url\":\"https:\\\/\\\/prusalab.cz\\\/\",\"name\":\"PrusaLab\",\"description\":\"Hi-tech prototypov\u00e1 d\u00edlna v pra\u017esk\u00fdch Hole\u0161ovic\u00edch\",\"publisher\":{\"@id\":\"https:\\\/\\\/prusalab.cz\\\/#organization\"},\"potentialAction\":[{\"@type\":\"SearchAction\",\"target\":{\"@type\":\"EntryPoint\",\"urlTemplate\":\"https:\\\/\\\/prusalab.cz\\\/?s={search_term_string}\"},\"query-input\":{\"@type\":\"PropertyValueSpecification\",\"valueRequired\":true,\"valueName\":\"search_term_string\"}}],\"inLanguage\":\"en-GB\"},{\"@type\":\"Organization\",\"@id\":\"https:\\\/\\\/prusalab.cz\\\/#organization\",\"name\":\"PrusaLab\",\"url\":\"https:\\\/\\\/prusalab.cz\\\/\",\"logo\":{\"@type\":\"ImageObject\",\"inLanguage\":\"en-GB\",\"@id\":\"https:\\\/\\\/prusalab.cz\\\/#\\\/schema\\\/logo\\\/image\\\/\",\"url\":\"https:\\\/\\\/prusalab.cz\\\/wp-content\\\/uploads\\\/2026\\\/02\\\/logo-1.svg\",\"contentUrl\":\"https:\\\/\\\/prusalab.cz\\\/wp-content\\\/uploads\\\/2026\\\/02\\\/logo-1.svg\",\"width\":1116,\"height\":187,\"caption\":\"PrusaLab\"},\"image\":{\"@id\":\"https:\\\/\\\/prusalab.cz\\\/#\\\/schema\\\/logo\\\/image\\\/\"},\"sameAs\":[\"https:\\\/\\\/www.facebook.com\\\/PrusaLab\",\"https:\\\/\\\/www.instagram.com\\\/prusalab\",\"https:\\\/\\\/www.youtube.com\\\/@PrusaLab\"]},{\"@type\":\"Person\",\"@id\":\"https:\\\/\\\/prusalab.cz\\\/#\\\/schema\\\/person\\\/8ce07076a3fd999af15269abad8e738e\",\"name\":\"admin\",\"image\":{\"@type\":\"ImageObject\",\"inLanguage\":\"en-GB\",\"@id\":\"https:\\\/\\\/secure.gravatar.com\\\/avatar\\\/3a21ed637fec367b08a32ea051a22acfc0c074b7d724abf5ad0bc4b49657b9f8?s=96&d=mm&r=g\",\"url\":\"https:\\\/\\\/secure.gravatar.com\\\/avatar\\\/3a21ed637fec367b08a32ea051a22acfc0c074b7d724abf5ad0bc4b49657b9f8?s=96&d=mm&r=g\",\"contentUrl\":\"https:\\\/\\\/secure.gravatar.com\\\/avatar\\\/3a21ed637fec367b08a32ea051a22acfc0c074b7d724abf5ad0bc4b49657b9f8?s=96&d=mm&r=g\",\"caption\":\"admin\"},\"sameAs\":[\"https:\\\/\\\/prusalab.cz\"],\"url\":\"https:\\\/\\\/prusalab.cz\\\/en\\\/author\\\/admin\\\/\"}]}<\/script>\n<!-- \/ Yoast SEO plugin. -->","yoast_head_json":{"title":"Uk\u00e1zky praktick\u00e9ho vyu\u017eit\u00ed 3D tisku na Eon Ekofestivalu 2023 - PrusaLab","robots":{"index":"index","follow":"follow","max-snippet":"max-snippet:-1","max-image-preview":"max-image-preview:large","max-video-preview":"max-video-preview:-1"},"canonical":"https:\/\/prusalab.cz\/en\/ukazky-praktickeho-vyuziti-3d-tisku-na-eon-ekofestivalu-2023\/","og_locale":"en_GB","og_type":"article","og_title":"Uk\u00e1zky praktick\u00e9ho vyu\u017eit\u00ed 3D tisku na Eon Ekofestivalu 2023 - PrusaLab","og_description":"Jeden z&nbsp;prvn\u00edch ekologick\u00fdch festival\u016f v&nbsp;\u010cesku za\u010d\u00e1tkem z\u00e1\u0159\u00ed propojil z\u00e1bavu a&nbsp;inspiraci. Hudebn\u00ed vystoupen\u00ed zn\u00e1m\u00fdch osobnost\u00ed, odborn\u00e9 p\u0159edn\u00e1\u0161ky a&nbsp;workshopy, vyhl\u00e1\u0161en\u00ed leto\u0161n\u00edch v\u00edt\u011bz\u016f","og_url":"https:\/\/prusalab.cz\/en\/ukazky-praktickeho-vyuziti-3d-tisku-na-eon-ekofestivalu-2023\/","og_site_name":"PrusaLab","article_publisher":"https:\/\/www.facebook.com\/PrusaLab","article_published_time":"2023-09-20T08:40:02+00:00","og_image":[{"width":2048,"height":1366,"url":"https:\/\/prusalab.cz\/wp-content\/uploads\/2023\/09\/b8bccd4d-e.onfest-093.jpeg","type":"image\/jpeg"}],"author":"admin","twitter_card":"summary_large_image","twitter_misc":{"Written by":"admin","Est. reading time":"2 minutes"},"schema":{"@context":"https:\/\/schema.org","@graph":[{"@type":"Article","@id":"https:\/\/prusalab.cz\/ukazky-praktickeho-vyuziti-3d-tisku-na-eon-ekofestivalu-2023\/#article","isPartOf":{"@id":"https:\/\/prusalab.cz\/ukazky-praktickeho-vyuziti-3d-tisku-na-eon-ekofestivalu-2023\/"},"author":{"name":"admin","@id":"https:\/\/prusalab.cz\/#\/schema\/person\/8ce07076a3fd999af15269abad8e738e"},"headline":"Uk\u00e1zky praktick\u00e9ho vyu\u017eit\u00ed 3D tisku na Eon Ekofestivalu 2023","datePublished":"2023-09-20T08:40:02+00:00","mainEntityOfPage":{"@id":"https:\/\/prusalab.cz\/ukazky-praktickeho-vyuziti-3d-tisku-na-eon-ekofestivalu-2023\/"},"wordCount":418,"publisher":{"@id":"https:\/\/prusalab.cz\/#organization"},"image":{"@id":"https:\/\/prusalab.cz\/ukazky-praktickeho-vyuziti-3d-tisku-na-eon-ekofestivalu-2023\/#primaryimage"},"thumbnailUrl":"https:\/\/prusalab.cz\/wp-content\/uploads\/2023\/09\/b8bccd4d-e.onfest-093.jpeg","articleSection":["Ud\u00e1losti"],"inLanguage":"en-GB"},{"@type":"WebPage","@id":"https:\/\/prusalab.cz\/ukazky-praktickeho-vyuziti-3d-tisku-na-eon-ekofestivalu-2023\/","url":"https:\/\/prusalab.cz\/ukazky-praktickeho-vyuziti-3d-tisku-na-eon-ekofestivalu-2023\/","name":"Uk\u00e1zky praktick\u00e9ho vyu\u017eit\u00ed 3D tisku na Eon Ekofestivalu 2023 - PrusaLab","isPartOf":{"@id":"https:\/\/prusalab.cz\/#website"},"primaryImageOfPage":{"@id":"https:\/\/prusalab.cz\/ukazky-praktickeho-vyuziti-3d-tisku-na-eon-ekofestivalu-2023\/#primaryimage"},"image":{"@id":"https:\/\/prusalab.cz\/ukazky-praktickeho-vyuziti-3d-tisku-na-eon-ekofestivalu-2023\/#primaryimage"},"thumbnailUrl":"https:\/\/prusalab.cz\/wp-content\/uploads\/2023\/09\/b8bccd4d-e.onfest-093.jpeg","datePublished":"2023-09-20T08:40:02+00:00","breadcrumb":{"@id":"https:\/\/prusalab.cz\/ukazky-praktickeho-vyuziti-3d-tisku-na-eon-ekofestivalu-2023\/#breadcrumb"},"inLanguage":"en-GB","potentialAction":[{"@type":"ReadAction","target":["https:\/\/prusalab.cz\/ukazky-praktickeho-vyuziti-3d-tisku-na-eon-ekofestivalu-2023\/"]}]},{"@type":"ImageObject","inLanguage":"en-GB","@id":"https:\/\/prusalab.cz\/ukazky-praktickeho-vyuziti-3d-tisku-na-eon-ekofestivalu-2023\/#primaryimage","url":"https:\/\/prusalab.cz\/wp-content\/uploads\/2023\/09\/b8bccd4d-e.onfest-093.jpeg","contentUrl":"https:\/\/prusalab.cz\/wp-content\/uploads\/2023\/09\/b8bccd4d-e.onfest-093.jpeg","width":2048,"height":1366},{"@type":"BreadcrumbList","@id":"https:\/\/prusalab.cz\/ukazky-praktickeho-vyuziti-3d-tisku-na-eon-ekofestivalu-2023\/#breadcrumb","itemListElement":[{"@type":"ListItem","position":1,"name":"Dom\u016f","item":"https:\/\/prusalab.cz\/"},{"@type":"ListItem","position":2,"name":"Uk\u00e1zky praktick\u00e9ho vyu\u017eit\u00ed 3D tisku na Eon Ekofestivalu 2023"}]},{"@type":"WebSite","@id":"https:\/\/prusalab.cz\/#website","url":"https:\/\/prusalab.cz\/","name":"PrusaLab","description":"High-tech prototype workshop in Prague's Hole\u0161ovice","publisher":{"@id":"https:\/\/prusalab.cz\/#organization"},"potentialAction":[{"@type":"SearchAction","target":{"@type":"EntryPoint","urlTemplate":"https:\/\/prusalab.cz\/?s={search_term_string}"},"query-input":{"@type":"PropertyValueSpecification","valueRequired":true,"valueName":"search_term_string"}}],"inLanguage":"en-GB"},{"@type":"Organization","@id":"https:\/\/prusalab.cz\/#organization","name":"PrusaLab","url":"https:\/\/prusalab.cz\/","logo":{"@type":"ImageObject","inLanguage":"en-GB","@id":"https:\/\/prusalab.cz\/#\/schema\/logo\/image\/","url":"https:\/\/prusalab.cz\/wp-content\/uploads\/2026\/02\/logo-1.svg","contentUrl":"https:\/\/prusalab.cz\/wp-content\/uploads\/2026\/02\/logo-1.svg","width":1116,"height":187,"caption":"PrusaLab"},"image":{"@id":"https:\/\/prusalab.cz\/#\/schema\/logo\/image\/"},"sameAs":["https:\/\/www.facebook.com\/PrusaLab","https:\/\/www.instagram.com\/prusalab","https:\/\/www.youtube.com\/@PrusaLab"]},{"@type":"Person","@id":"https:\/\/prusalab.cz\/#\/schema\/person\/8ce07076a3fd999af15269abad8e738e","name":"administrator","image":{"@type":"ImageObject","inLanguage":"en-GB","@id":"https:\/\/secure.gravatar.com\/avatar\/3a21ed637fec367b08a32ea051a22acfc0c074b7d724abf5ad0bc4b49657b9f8?s=96&d=mm&r=g","url":"https:\/\/secure.gravatar.com\/avatar\/3a21ed637fec367b08a32ea051a22acfc0c074b7d724abf5ad0bc4b49657b9f8?s=96&d=mm&r=g","contentUrl":"https:\/\/secure.gravatar.com\/avatar\/3a21ed637fec367b08a32ea051a22acfc0c074b7d724abf5ad0bc4b49657b9f8?s=96&d=mm&r=g","caption":"admin"},"sameAs":["https:\/\/prusalab.cz"],"url":"https:\/\/prusalab.cz\/en\/author\/admin\/"}]}},"_links":{"self":[{"href":"https:\/\/prusalab.cz\/en\/wp-json\/wp\/v2\/posts\/29681","targetHints":{"allow":["GET"]}}],"collection":[{"href":"https:\/\/prusalab.cz\/en\/wp-json\/wp\/v2\/posts"}],"about":[{"href":"https:\/\/prusalab.cz\/en\/wp-json\/wp\/v2\/types\/post"}],"author":[{"embeddable":true,"href":"https:\/\/prusalab.cz\/en\/wp-json\/wp\/v2\/users\/1"}],"replies":[{"embeddable":true,"href":"https:\/\/prusalab.cz\/en\/wp-json\/wp\/v2\/comments?post=29681"}],"version-history":[{"count":0,"href":"https:\/\/prusalab.cz\/en\/wp-json\/wp\/v2\/posts\/29681\/revisions"}],"wp:featuredmedia":[{"embeddable":true,"href":"https:\/\/prusalab.cz\/en\/wp-json\/wp\/v2\/media\/29804"}],"wp:attachment":[{"href":"https:\/\/prusalab.cz\/en\/wp-json\/wp\/v2\/media?parent=29681"}],"wp:term":[{"taxonomy":"category","embeddable":true,"href":"https:\/\/prusalab.cz\/en\/wp-json\/wp\/v2\/categories?post=29681"},{"taxonomy":"post_tag","embeddable":true,"href":"https:\/\/prusalab.cz\/en\/wp-json\/wp\/v2\/tags?post=29681"}],"curies":[{"name":"wp","href":"https:\/\/api.w.org\/{rel}","templated":true}]}}