{"id":25911,"date":"2021-07-13T13:40:00","date_gmt":"2021-07-13T12:40:00","guid":{"rendered":"https:\/\/prusalab.cz\/?p=25911"},"modified":"2021-07-13T13:40:00","modified_gmt":"2021-07-13T12:40:00","slug":"prepravni-roboti-a-3d-tistena-sedla-pro-cyklisty-josef-prusa-vybral-nejslibnejsi-projekty-sveho-akceleratoru","status":"publish","type":"post","link":"https:\/\/prusalab.cz\/en\/prepravni-roboti-a-3d-tistena-sedla-pro-cyklisty-josef-prusa-vybral-nejslibnejsi-projekty-sveho-akceleratoru\/","title":{"rendered":"P\u0159epravn\u00ed roboti a 3D ti\u0161t\u011bn\u00e1 sedla pro cyklisty. Josef Pr\u016f\u0161a vybral nejslibn\u011bj\u0161\u00ed projekty sv\u00e9ho akceler\u00e1toru"},"content":{"rendered":"<p class=\"wp-block-paragraph\">Praha, 13. \u010dervence 2021 &#8211; <strong>Hi-tech d\u00edlna PrusaLab \u010desk\u00e9ho 3D tiska\u0159e Josefa Pr\u016f\u0161i formou akcelera\u010dn\u00edho programu podpo\u0159ila investicemi, mentoringem a technologick\u00fdm z\u00e1zem\u00edm dva projekty. Jsou jimi Vanilla Robotics, vyv\u00edjej\u00edc\u00ed autonomn\u00ed don\u00e1\u0161kov\u00e9 roboty, a cyklistick\u00e1 sedla vyr\u00e1b\u011bn\u00e1 s vyu\u017eit\u00edm 3D tisku od nov\u00e9 cyklistick\u00e9 zna\u010dky Posedla. Spole\u010dn\u00fdm c\u00edlem je inovace hardwarov\u00fdch produkt\u016f, firmy z\u00e1rove\u0148 vn\u00edmaj\u00ed akceler\u00e1tor jako cestu k dal\u0161\u00edm investic\u00edm.<\/strong><\/p>\n\n\n\n<p class=\"wp-block-paragraph\"><strong><em>Roboti\u010dt\u00ed kur\u00fd\u0159i m\u00ed\u0159\u00ed do pra\u017esk\u00fdch ulic<\/em><\/strong><\/p>\n\n\n\n<p class=\"wp-block-paragraph\">Konkurovat logistice doru\u010dovac\u00edch slu\u017eeb i velk\u00fdch skladi\u0161\u0165 chce se sv\u00fdmi autonomn\u00edmi roboty dvojice v\u00fdvoj\u00e1\u0159\u016f Tom\u00e1\u0161 Krivda a Jan Sedl\u00e1\u010dek. Jejich motorizovan\u00e1 transportn\u00ed plo\u0161ina p\u0159ipom\u00ednaj\u00edc\u00ed skateboard dok\u00e1\u017ee ji\u017e nyn\u00ed za asistence oper\u00e1tora doru\u010dit z\u00e1silku o hmotnosti a\u017e 20 kilogram\u016f. D\u00edky kombinaci zabudovan\u00fdch senzor\u016f a um\u011bl\u00e9 inteligence je schopna detekovat objekty i osoby, a v re\u00e1ln\u00e9m \u010dase tak vytv\u00e1\u0159et mapu sv\u00e9ho okol\u00ed. \u201eVelik\u00fd d\u016fraz klademe na modularitu robota \u2014 k \u0159\u00edd\u00edc\u00ed jednotce lze p\u0159ipojit r\u016fzn\u00e9 typy podvozku, kter\u00e9 si z\u00e1kazn\u00edk zvol\u00ed na z\u00e1klad\u011b pot\u0159eby,\u201d p\u0159ibli\u017euje Krivda. Krom\u011b skladov\u00fdch prostor\u016f je tedy vhodn\u00fd i na provoz ve m\u011bst\u011b.<\/p>\n\n\n\n<p class=\"wp-block-paragraph\">\u201eVe spolupr\u00e1ci s PrusaLabem jsme pro\u0161li mnoha iteracemi hardwaru, a mimo jin\u00e9 pl\u00e1nujeme dokon\u010dit v\u00fdvoj pln\u011b nez\u00e1visl\u00e9ho naviga\u010dn\u00edho syst\u00e9mu. To by n\u00e1m umo\u017enilo b\u011bhem n\u00e1sleduj\u00edc\u00edch let uv\u00e9st na trh robotickou don\u00e1\u0161kovou platformu za zlomek st\u00e1vaj\u00edc\u00edch cen,\u201d uv\u00e1d\u00ed Sedl\u00e1\u010dek. Robotick\u00e1 flotila by se m\u011bla v prvn\u00ed f\u00e1zi zam\u011b\u0159it na tzv. last mile delivery, tedy transport z\u00e1silky ke koncov\u00e9mu z\u00e1kazn\u00edkovi. Pr\u00e1v\u011b posledn\u00ed krok v logistick\u00e9m procesu toti\u017e b\u00fdv\u00e1 pro doru\u010dovac\u00ed slu\u017eby nejn\u00e1kladn\u011bj\u0161\u00ed. Pra\u017ean\u00e9 by se m\u011bli s autonomn\u011b nav\u00e1d\u011bn\u00fdmi kur\u00fdry v ulic\u00edch m\u011bsta setkat ji\u017e v roce 2022.<\/p>\n\n\n\n<p class=\"wp-block-paragraph\"><strong><em>Prvn\u00ed \u010desk\u00e9 cyklistick\u00e9 sedlo vyroben\u00e9 na m\u00edru<\/em><\/strong><\/p>\n\n\n\n<p class=\"wp-block-paragraph\">My\u0161lenka cyklistick\u00e9ho sedla na m\u00edru, kde ve v\u00fdvoji a n\u00e1sledn\u00e9 produkci hraje kl\u00ed\u010dovou roli 3D tisk, ale tak\u00e9 pokro\u010dil\u00e9 kompozitn\u00ed materi\u00e1ly, se zrodila v hlav\u00e1ch \u201eposedl\u00fdch\u201d cyklist\u016f Martina \u0158\u00edpy a Ji\u0159\u00edho Du\u017e\u00e1ra. \u201eSedlo je jedn\u00edm ze t\u0159\u00ed kontaktn\u00edch bod\u016f cyklisty s kolem, a to jak v\u00e1m padne, m\u00e1 z\u00e1sadn\u00ed vliv na va\u0161e zdrav\u00ed, komfort a v\u00fdkon. Ka\u017ed\u00fd \u010dlov\u011bk m\u00e1 unik\u00e1tn\u00ed fyziologii, p\u0159esto v\u00fdb\u011br sedla v\u011bt\u0161inou prob\u00edh\u00e1 metodou pokus-omyl, co\u017e nen\u00ed ide\u00e1ln\u00ed,\u201d vysv\u011btluje \u0158\u00edpa s t\u00edm, \u017ee produkce bude um\u00edst\u011bna kompletn\u011b v \u010cesku. Firma tak reaguje na sou\u010dasn\u00fd nedostatek kol a cyklistick\u00fdch komponent\u016f vyr\u00e1b\u011bn\u00fdch a importovan\u00fdch z Asie.<\/p>\n\n\n\n<p class=\"wp-block-paragraph\">\u201eP\u0159i v\u00fdrob\u011b budeme kombinovat klasick\u00e9 v\u00fdrobn\u00ed postupy s parametrick\u00fdm designem pomoc\u00ed 3D tisku. Na z\u00e1klad\u011b individu\u00e1ln\u00edch parametr\u016f, kter\u00e9 cyklista zad\u00e1 z pohodl\u00ed domova, doc\u00edl\u00edme p\u0159esn\u00e9 a spr\u00e1vn\u00e9 ergonomie posedu,\u201d dod\u00e1v\u00e1 Du\u017e\u00e1r. Za prvn\u00ed t\u0159i m\u011bs\u00edce pobytu v akceler\u00e1toru Posedla pro\u0161li n\u011bkolika f\u00e1zemi prototypov\u00e1n\u00ed od vstupn\u00edch model\u016f a\u017e po testovac\u00ed prototypy. \u201eD\u00edky akceler\u00e1toru se n\u00e1m poda\u0159ilo konsolidovat t\u00fdm kl\u00ed\u010dov\u00fdch spolupracovn\u00edk\u016f a dodavatel\u016f, s jejich\u017e pomoc\u00ed chceme letos finalizovat pln\u011b funk\u010dn\u00ed produkt, aby prvn\u00ed sedla mohla putovat ke sv\u00fdm z\u00e1kazn\u00edk\u016fm se za\u010d\u00e1tkem sez\u00f3ny 2022,\u201c popisuje c\u00edle spole\u010dnosti Du\u017e\u00e1r. \u201eKl\u00ed\u010dov\u00e9 bude jedn\u00e1n\u00ed s dal\u0161\u00edm vhodn\u00fdm investorem, ale v\u00fdvoj pl\u00e1nujeme financovat tak\u00e9 z prodeje dal\u0161\u00edch produkt\u016f, kter\u00e9 pom\u00e1haj\u00ed pe\u010dovat o cyklistick\u00fd posed. Na ja\u0159e jsme s p\u0159edn\u00ed \u010deskou aromaterapeutickou spole\u010dnost\u00ed vyvinuli unik\u00e1tn\u00ed recepturu cyklistick\u00e9ho chamois kr\u00e9mu, kter\u00fd uvedeme na trh je\u0161t\u011b letos,\u201c uzav\u00edr\u00e1 pl\u00e1ny \u0158\u00edpa.<\/p>\n\n\n\n<p class=\"wp-block-paragraph\">PrusaLab ocen\u011bn\u00fdm zp\u0159\u00edstupnil \u0161pi\u010dkov\u00e9 prototypovac\u00ed technologie, a ka\u017ed\u00fd projekt d\u00e1le podpo\u0159il po\u010d\u00e1te\u010dn\u00ed investic\u00ed 450 tis\u00edc korun na materi\u00e1ly a slu\u017eby s v\u00fdvojem spojen\u00e9. \u00da\u010dastn\u00edci \u00fazce spolupracuj\u00ed s experty na digit\u00e1ln\u00ed fabrikaci a projektov\u00e9 \u0159\u00edzen\u00ed.<\/p>\n\n\n\n<p class=\"wp-block-paragraph\">O podporu d\u00edlny se uch\u00e1zelo celkem 92 projekt\u016f. \u201eV\u00fdb\u011brov\u00e9 \u0159\u00edzen\u00ed bylo vzhledem k po\u010dtu slibn\u00fdch p\u0159ihl\u00e1\u0161ek opravdu n\u00e1ro\u010dn\u00e9. I proto jsme se rozhodli n\u011bkolik dal\u0161\u00edch n\u00e1pad\u016f podpo\u0159it jinou formou spolupr\u00e1ce,\u201d dopl\u0148uje vedouc\u00ed PrusaLabu Ond\u0159ej Ka\u0161p\u00e1rek. D\u00edlna d\u00e1le podpo\u0159\u00ed nap\u0159\u00edklad formou um\u011bleck\u00e9ho grantu projekt elektromagnetick\u00e9ho zrcadla od v\u00fdtvarn\u00edka Kry\u0161tofa Br\u016fhy.<\/p>\n\n\n\n<p class=\"wp-block-paragraph\"><strong>Fotografie:<\/strong><\/p>\n\n\n\n<p class=\"wp-block-paragraph\"><a href=\"https:\/\/bit.ly\/AkceleratorFoto\">https:\/\/bit.ly\/AkceleratorFoto<\/a><\/p>\n\n\n\n<p class=\"wp-block-paragraph\"><strong>Dal\u0161\u00ed informace:<\/strong><\/p>\n\n\n\n<p class=\"wp-block-paragraph\"><a href=\"https:\/\/prusalab.cz\/en\/akcelerator\/\">https:\/\/prusalab.cz\/akcelerator\/<\/a><\/p>","protected":false},"excerpt":{"rendered":"<p>Praha, 13. \u010dervence 2021 &#8211; Hi-tech d\u00edlna PrusaLab \u010desk\u00e9ho 3D tiska\u0159e Josefa Pr\u016f\u0161i formou akcelera\u010dn\u00edho programu podpo\u0159ila investicemi, mentoringem a<\/p>","protected":false},"author":1,"featured_media":13729,"comment_status":"closed","ping_status":"closed","sticky":false,"template":"","format":"standard","meta":{"footnotes":""},"categories":[75,76],"tags":[],"class_list":["post-25911","post","type-post","status-publish","format-standard","has-post-thumbnail","hentry","category-akcelerator","category-tiskove-zpravy"],"yoast_head":"<!-- This site is optimized with the Yoast SEO plugin v28.3 - https:\/\/yoast.com\/product\/yoast-seo-wordpress\/ -->\n<title>P\u0159epravn\u00ed roboti a 3D ti\u0161t\u011bn\u00e1 sedla pro cyklisty. Josef Pr\u016f\u0161a vybral nejslibn\u011bj\u0161\u00ed projekty sv\u00e9ho akceler\u00e1toru - PrusaLab<\/title>\n<meta name=\"robots\" content=\"index, follow, max-snippet:-1, max-image-preview:large, max-video-preview:-1\" \/>\n<link rel=\"canonical\" href=\"https:\/\/prusalab.cz\/en\/prepravni-roboti-a-3d-tistena-sedla-pro-cyklisty-josef-prusa-vybral-nejslibnejsi-projekty-sveho-akceleratoru\/\" \/>\n<meta property=\"og:locale\" content=\"en_GB\" \/>\n<meta property=\"og:type\" content=\"article\" \/>\n<meta property=\"og:title\" content=\"P\u0159epravn\u00ed roboti a 3D ti\u0161t\u011bn\u00e1 sedla pro cyklisty. Josef Pr\u016f\u0161a vybral nejslibn\u011bj\u0161\u00ed projekty sv\u00e9ho akceler\u00e1toru - PrusaLab\" \/>\n<meta property=\"og:description\" content=\"Praha, 13. \u010dervence 2021 &#8211; Hi-tech d\u00edlna PrusaLab \u010desk\u00e9ho 3D tiska\u0159e Josefa Pr\u016f\u0161i formou akcelera\u010dn\u00edho programu podpo\u0159ila investicemi, mentoringem a\" \/>\n<meta property=\"og:url\" content=\"https:\/\/prusalab.cz\/en\/prepravni-roboti-a-3d-tistena-sedla-pro-cyklisty-josef-prusa-vybral-nejslibnejsi-projekty-sveho-akceleratoru\/\" \/>\n<meta property=\"og:site_name\" content=\"PrusaLab\" \/>\n<meta property=\"article:publisher\" content=\"https:\/\/www.facebook.com\/PrusaLab\" \/>\n<meta property=\"article:published_time\" content=\"2021-07-13T12:40:00+00:00\" \/>\n<meta property=\"og:image\" content=\"https:\/\/prusalab.cz\/wp-content\/uploads\/2021\/03\/akceleratorVysledkyLowRes.jpg\" \/>\n\t<meta property=\"og:image:width\" content=\"1920\" \/>\n\t<meta property=\"og:image:height\" content=\"1080\" \/>\n\t<meta property=\"og:image:type\" content=\"image\/jpeg\" \/>\n<meta name=\"author\" content=\"admin\" \/>\n<meta name=\"twitter:card\" content=\"summary_large_image\" \/>\n<meta name=\"twitter:label1\" content=\"Written by\" \/>\n\t<meta name=\"twitter:data1\" content=\"admin\" \/>\n\t<meta name=\"twitter:label2\" content=\"Est. reading time\" \/>\n\t<meta name=\"twitter:data2\" content=\"4 minutes\" \/>\n<script type=\"application\/ld+json\" class=\"yoast-schema-graph\">{\"@context\":\"https:\\\/\\\/schema.org\",\"@graph\":[{\"@type\":\"Article\",\"@id\":\"https:\\\/\\\/prusalab.cz\\\/prepravni-roboti-a-3d-tistena-sedla-pro-cyklisty-josef-prusa-vybral-nejslibnejsi-projekty-sveho-akceleratoru\\\/#article\",\"isPartOf\":{\"@id\":\"https:\\\/\\\/prusalab.cz\\\/prepravni-roboti-a-3d-tistena-sedla-pro-cyklisty-josef-prusa-vybral-nejslibnejsi-projekty-sveho-akceleratoru\\\/\"},\"author\":{\"name\":\"admin\",\"@id\":\"https:\\\/\\\/prusalab.cz\\\/#\\\/schema\\\/person\\\/8ce07076a3fd999af15269abad8e738e\"},\"headline\":\"P\u0159epravn\u00ed roboti a 3D ti\u0161t\u011bn\u00e1 sedla pro cyklisty. Josef Pr\u016f\u0161a vybral nejslibn\u011bj\u0161\u00ed projekty sv\u00e9ho akceler\u00e1toru\",\"datePublished\":\"2021-07-13T12:40:00+00:00\",\"mainEntityOfPage\":{\"@id\":\"https:\\\/\\\/prusalab.cz\\\/prepravni-roboti-a-3d-tistena-sedla-pro-cyklisty-josef-prusa-vybral-nejslibnejsi-projekty-sveho-akceleratoru\\\/\"},\"wordCount\":842,\"publisher\":{\"@id\":\"https:\\\/\\\/prusalab.cz\\\/#organization\"},\"image\":{\"@id\":\"https:\\\/\\\/prusalab.cz\\\/prepravni-roboti-a-3d-tistena-sedla-pro-cyklisty-josef-prusa-vybral-nejslibnejsi-projekty-sveho-akceleratoru\\\/#primaryimage\"},\"thumbnailUrl\":\"https:\\\/\\\/prusalab.cz\\\/wp-content\\\/uploads\\\/2021\\\/03\\\/akceleratorVysledkyLowRes.jpg\",\"articleSection\":[\"Akceler\u00e1tor\",\"Tiskov\u00e9 zpr\u00e1vy\"],\"inLanguage\":\"en-GB\"},{\"@type\":\"WebPage\",\"@id\":\"https:\\\/\\\/prusalab.cz\\\/prepravni-roboti-a-3d-tistena-sedla-pro-cyklisty-josef-prusa-vybral-nejslibnejsi-projekty-sveho-akceleratoru\\\/\",\"url\":\"https:\\\/\\\/prusalab.cz\\\/prepravni-roboti-a-3d-tistena-sedla-pro-cyklisty-josef-prusa-vybral-nejslibnejsi-projekty-sveho-akceleratoru\\\/\",\"name\":\"P\u0159epravn\u00ed roboti a 3D ti\u0161t\u011bn\u00e1 sedla pro cyklisty. Josef Pr\u016f\u0161a vybral nejslibn\u011bj\u0161\u00ed projekty sv\u00e9ho akceler\u00e1toru - PrusaLab\",\"isPartOf\":{\"@id\":\"https:\\\/\\\/prusalab.cz\\\/#website\"},\"primaryImageOfPage\":{\"@id\":\"https:\\\/\\\/prusalab.cz\\\/prepravni-roboti-a-3d-tistena-sedla-pro-cyklisty-josef-prusa-vybral-nejslibnejsi-projekty-sveho-akceleratoru\\\/#primaryimage\"},\"image\":{\"@id\":\"https:\\\/\\\/prusalab.cz\\\/prepravni-roboti-a-3d-tistena-sedla-pro-cyklisty-josef-prusa-vybral-nejslibnejsi-projekty-sveho-akceleratoru\\\/#primaryimage\"},\"thumbnailUrl\":\"https:\\\/\\\/prusalab.cz\\\/wp-content\\\/uploads\\\/2021\\\/03\\\/akceleratorVysledkyLowRes.jpg\",\"datePublished\":\"2021-07-13T12:40:00+00:00\",\"breadcrumb\":{\"@id\":\"https:\\\/\\\/prusalab.cz\\\/prepravni-roboti-a-3d-tistena-sedla-pro-cyklisty-josef-prusa-vybral-nejslibnejsi-projekty-sveho-akceleratoru\\\/#breadcrumb\"},\"inLanguage\":\"en-GB\",\"potentialAction\":[{\"@type\":\"ReadAction\",\"target\":[\"https:\\\/\\\/prusalab.cz\\\/prepravni-roboti-a-3d-tistena-sedla-pro-cyklisty-josef-prusa-vybral-nejslibnejsi-projekty-sveho-akceleratoru\\\/\"]}]},{\"@type\":\"ImageObject\",\"inLanguage\":\"en-GB\",\"@id\":\"https:\\\/\\\/prusalab.cz\\\/prepravni-roboti-a-3d-tistena-sedla-pro-cyklisty-josef-prusa-vybral-nejslibnejsi-projekty-sveho-akceleratoru\\\/#primaryimage\",\"url\":\"https:\\\/\\\/prusalab.cz\\\/wp-content\\\/uploads\\\/2021\\\/03\\\/akceleratorVysledkyLowRes.jpg\",\"contentUrl\":\"https:\\\/\\\/prusalab.cz\\\/wp-content\\\/uploads\\\/2021\\\/03\\\/akceleratorVysledkyLowRes.jpg\",\"width\":1920,\"height\":1080},{\"@type\":\"BreadcrumbList\",\"@id\":\"https:\\\/\\\/prusalab.cz\\\/prepravni-roboti-a-3d-tistena-sedla-pro-cyklisty-josef-prusa-vybral-nejslibnejsi-projekty-sveho-akceleratoru\\\/#breadcrumb\",\"itemListElement\":[{\"@type\":\"ListItem\",\"position\":1,\"name\":\"Dom\u016f\",\"item\":\"https:\\\/\\\/prusalab.cz\\\/\"},{\"@type\":\"ListItem\",\"position\":2,\"name\":\"P\u0159epravn\u00ed roboti a 3D ti\u0161t\u011bn\u00e1 sedla pro cyklisty. Josef Pr\u016f\u0161a vybral nejslibn\u011bj\u0161\u00ed projekty sv\u00e9ho akceler\u00e1toru\"}]},{\"@type\":\"WebSite\",\"@id\":\"https:\\\/\\\/prusalab.cz\\\/#website\",\"url\":\"https:\\\/\\\/prusalab.cz\\\/\",\"name\":\"PrusaLab\",\"description\":\"Hi-tech prototypov\u00e1 d\u00edlna v pra\u017esk\u00fdch Hole\u0161ovic\u00edch\",\"publisher\":{\"@id\":\"https:\\\/\\\/prusalab.cz\\\/#organization\"},\"potentialAction\":[{\"@type\":\"SearchAction\",\"target\":{\"@type\":\"EntryPoint\",\"urlTemplate\":\"https:\\\/\\\/prusalab.cz\\\/?s={search_term_string}\"},\"query-input\":{\"@type\":\"PropertyValueSpecification\",\"valueRequired\":true,\"valueName\":\"search_term_string\"}}],\"inLanguage\":\"en-GB\"},{\"@type\":\"Organization\",\"@id\":\"https:\\\/\\\/prusalab.cz\\\/#organization\",\"name\":\"PrusaLab\",\"url\":\"https:\\\/\\\/prusalab.cz\\\/\",\"logo\":{\"@type\":\"ImageObject\",\"inLanguage\":\"en-GB\",\"@id\":\"https:\\\/\\\/prusalab.cz\\\/#\\\/schema\\\/logo\\\/image\\\/\",\"url\":\"https:\\\/\\\/prusalab.cz\\\/wp-content\\\/uploads\\\/2026\\\/02\\\/logo-1.svg\",\"contentUrl\":\"https:\\\/\\\/prusalab.cz\\\/wp-content\\\/uploads\\\/2026\\\/02\\\/logo-1.svg\",\"width\":1116,\"height\":187,\"caption\":\"PrusaLab\"},\"image\":{\"@id\":\"https:\\\/\\\/prusalab.cz\\\/#\\\/schema\\\/logo\\\/image\\\/\"},\"sameAs\":[\"https:\\\/\\\/www.facebook.com\\\/PrusaLab\",\"https:\\\/\\\/www.instagram.com\\\/prusalab\",\"https:\\\/\\\/www.youtube.com\\\/@PrusaLab\"]},{\"@type\":\"Person\",\"@id\":\"https:\\\/\\\/prusalab.cz\\\/#\\\/schema\\\/person\\\/8ce07076a3fd999af15269abad8e738e\",\"name\":\"admin\",\"image\":{\"@type\":\"ImageObject\",\"inLanguage\":\"en-GB\",\"@id\":\"https:\\\/\\\/secure.gravatar.com\\\/avatar\\\/3a21ed637fec367b08a32ea051a22acfc0c074b7d724abf5ad0bc4b49657b9f8?s=96&d=mm&r=g\",\"url\":\"https:\\\/\\\/secure.gravatar.com\\\/avatar\\\/3a21ed637fec367b08a32ea051a22acfc0c074b7d724abf5ad0bc4b49657b9f8?s=96&d=mm&r=g\",\"contentUrl\":\"https:\\\/\\\/secure.gravatar.com\\\/avatar\\\/3a21ed637fec367b08a32ea051a22acfc0c074b7d724abf5ad0bc4b49657b9f8?s=96&d=mm&r=g\",\"caption\":\"admin\"},\"sameAs\":[\"https:\\\/\\\/prusalab.cz\"],\"url\":\"https:\\\/\\\/prusalab.cz\\\/en\\\/author\\\/admin\\\/\"}]}<\/script>\n<!-- \/ Yoast SEO plugin. -->","yoast_head_json":{"title":"P\u0159epravn\u00ed roboti a 3D ti\u0161t\u011bn\u00e1 sedla pro cyklisty. Josef Pr\u016f\u0161a vybral nejslibn\u011bj\u0161\u00ed projekty sv\u00e9ho akceler\u00e1toru - PrusaLab","robots":{"index":"index","follow":"follow","max-snippet":"max-snippet:-1","max-image-preview":"max-image-preview:large","max-video-preview":"max-video-preview:-1"},"canonical":"https:\/\/prusalab.cz\/en\/prepravni-roboti-a-3d-tistena-sedla-pro-cyklisty-josef-prusa-vybral-nejslibnejsi-projekty-sveho-akceleratoru\/","og_locale":"en_GB","og_type":"article","og_title":"P\u0159epravn\u00ed roboti a 3D ti\u0161t\u011bn\u00e1 sedla pro cyklisty. Josef Pr\u016f\u0161a vybral nejslibn\u011bj\u0161\u00ed projekty sv\u00e9ho akceler\u00e1toru - PrusaLab","og_description":"Praha, 13. \u010dervence 2021 &#8211; Hi-tech d\u00edlna PrusaLab \u010desk\u00e9ho 3D tiska\u0159e Josefa Pr\u016f\u0161i formou akcelera\u010dn\u00edho programu podpo\u0159ila investicemi, mentoringem a","og_url":"https:\/\/prusalab.cz\/en\/prepravni-roboti-a-3d-tistena-sedla-pro-cyklisty-josef-prusa-vybral-nejslibnejsi-projekty-sveho-akceleratoru\/","og_site_name":"PrusaLab","article_publisher":"https:\/\/www.facebook.com\/PrusaLab","article_published_time":"2021-07-13T12:40:00+00:00","og_image":[{"width":1920,"height":1080,"url":"https:\/\/prusalab.cz\/wp-content\/uploads\/2021\/03\/akceleratorVysledkyLowRes.jpg","type":"image\/jpeg"}],"author":"admin","twitter_card":"summary_large_image","twitter_misc":{"Written by":"admin","Est. reading time":"4 minutes"},"schema":{"@context":"https:\/\/schema.org","@graph":[{"@type":"Article","@id":"https:\/\/prusalab.cz\/prepravni-roboti-a-3d-tistena-sedla-pro-cyklisty-josef-prusa-vybral-nejslibnejsi-projekty-sveho-akceleratoru\/#article","isPartOf":{"@id":"https:\/\/prusalab.cz\/prepravni-roboti-a-3d-tistena-sedla-pro-cyklisty-josef-prusa-vybral-nejslibnejsi-projekty-sveho-akceleratoru\/"},"author":{"name":"admin","@id":"https:\/\/prusalab.cz\/#\/schema\/person\/8ce07076a3fd999af15269abad8e738e"},"headline":"P\u0159epravn\u00ed roboti a 3D ti\u0161t\u011bn\u00e1 sedla pro cyklisty. Josef Pr\u016f\u0161a vybral nejslibn\u011bj\u0161\u00ed projekty sv\u00e9ho akceler\u00e1toru","datePublished":"2021-07-13T12:40:00+00:00","mainEntityOfPage":{"@id":"https:\/\/prusalab.cz\/prepravni-roboti-a-3d-tistena-sedla-pro-cyklisty-josef-prusa-vybral-nejslibnejsi-projekty-sveho-akceleratoru\/"},"wordCount":842,"publisher":{"@id":"https:\/\/prusalab.cz\/#organization"},"image":{"@id":"https:\/\/prusalab.cz\/prepravni-roboti-a-3d-tistena-sedla-pro-cyklisty-josef-prusa-vybral-nejslibnejsi-projekty-sveho-akceleratoru\/#primaryimage"},"thumbnailUrl":"https:\/\/prusalab.cz\/wp-content\/uploads\/2021\/03\/akceleratorVysledkyLowRes.jpg","articleSection":["Akceler\u00e1tor","Tiskov\u00e9 zpr\u00e1vy"],"inLanguage":"en-GB"},{"@type":"WebPage","@id":"https:\/\/prusalab.cz\/prepravni-roboti-a-3d-tistena-sedla-pro-cyklisty-josef-prusa-vybral-nejslibnejsi-projekty-sveho-akceleratoru\/","url":"https:\/\/prusalab.cz\/prepravni-roboti-a-3d-tistena-sedla-pro-cyklisty-josef-prusa-vybral-nejslibnejsi-projekty-sveho-akceleratoru\/","name":"P\u0159epravn\u00ed roboti a 3D ti\u0161t\u011bn\u00e1 sedla pro cyklisty. Josef Pr\u016f\u0161a vybral nejslibn\u011bj\u0161\u00ed projekty sv\u00e9ho akceler\u00e1toru - PrusaLab","isPartOf":{"@id":"https:\/\/prusalab.cz\/#website"},"primaryImageOfPage":{"@id":"https:\/\/prusalab.cz\/prepravni-roboti-a-3d-tistena-sedla-pro-cyklisty-josef-prusa-vybral-nejslibnejsi-projekty-sveho-akceleratoru\/#primaryimage"},"image":{"@id":"https:\/\/prusalab.cz\/prepravni-roboti-a-3d-tistena-sedla-pro-cyklisty-josef-prusa-vybral-nejslibnejsi-projekty-sveho-akceleratoru\/#primaryimage"},"thumbnailUrl":"https:\/\/prusalab.cz\/wp-content\/uploads\/2021\/03\/akceleratorVysledkyLowRes.jpg","datePublished":"2021-07-13T12:40:00+00:00","breadcrumb":{"@id":"https:\/\/prusalab.cz\/prepravni-roboti-a-3d-tistena-sedla-pro-cyklisty-josef-prusa-vybral-nejslibnejsi-projekty-sveho-akceleratoru\/#breadcrumb"},"inLanguage":"en-GB","potentialAction":[{"@type":"ReadAction","target":["https:\/\/prusalab.cz\/prepravni-roboti-a-3d-tistena-sedla-pro-cyklisty-josef-prusa-vybral-nejslibnejsi-projekty-sveho-akceleratoru\/"]}]},{"@type":"ImageObject","inLanguage":"en-GB","@id":"https:\/\/prusalab.cz\/prepravni-roboti-a-3d-tistena-sedla-pro-cyklisty-josef-prusa-vybral-nejslibnejsi-projekty-sveho-akceleratoru\/#primaryimage","url":"https:\/\/prusalab.cz\/wp-content\/uploads\/2021\/03\/akceleratorVysledkyLowRes.jpg","contentUrl":"https:\/\/prusalab.cz\/wp-content\/uploads\/2021\/03\/akceleratorVysledkyLowRes.jpg","width":1920,"height":1080},{"@type":"BreadcrumbList","@id":"https:\/\/prusalab.cz\/prepravni-roboti-a-3d-tistena-sedla-pro-cyklisty-josef-prusa-vybral-nejslibnejsi-projekty-sveho-akceleratoru\/#breadcrumb","itemListElement":[{"@type":"ListItem","position":1,"name":"Dom\u016f","item":"https:\/\/prusalab.cz\/"},{"@type":"ListItem","position":2,"name":"P\u0159epravn\u00ed roboti a 3D ti\u0161t\u011bn\u00e1 sedla pro cyklisty. Josef Pr\u016f\u0161a vybral nejslibn\u011bj\u0161\u00ed projekty sv\u00e9ho akceler\u00e1toru"}]},{"@type":"WebSite","@id":"https:\/\/prusalab.cz\/#website","url":"https:\/\/prusalab.cz\/","name":"PrusaLab","description":"Hi-tech prototypov\u00e1 d\u00edlna v pra\u017esk\u00fdch Hole\u0161ovic\u00edch","publisher":{"@id":"https:\/\/prusalab.cz\/#organization"},"potentialAction":[{"@type":"SearchAction","target":{"@type":"EntryPoint","urlTemplate":"https:\/\/prusalab.cz\/?s={search_term_string}"},"query-input":{"@type":"PropertyValueSpecification","valueRequired":true,"valueName":"search_term_string"}}],"inLanguage":"en-GB"},{"@type":"Organization","@id":"https:\/\/prusalab.cz\/#organization","name":"PrusaLab","url":"https:\/\/prusalab.cz\/","logo":{"@type":"ImageObject","inLanguage":"en-GB","@id":"https:\/\/prusalab.cz\/#\/schema\/logo\/image\/","url":"https:\/\/prusalab.cz\/wp-content\/uploads\/2026\/02\/logo-1.svg","contentUrl":"https:\/\/prusalab.cz\/wp-content\/uploads\/2026\/02\/logo-1.svg","width":1116,"height":187,"caption":"PrusaLab"},"image":{"@id":"https:\/\/prusalab.cz\/#\/schema\/logo\/image\/"},"sameAs":["https:\/\/www.facebook.com\/PrusaLab","https:\/\/www.instagram.com\/prusalab","https:\/\/www.youtube.com\/@PrusaLab"]},{"@type":"Person","@id":"https:\/\/prusalab.cz\/#\/schema\/person\/8ce07076a3fd999af15269abad8e738e","name":"administrator","image":{"@type":"ImageObject","inLanguage":"en-GB","@id":"https:\/\/secure.gravatar.com\/avatar\/3a21ed637fec367b08a32ea051a22acfc0c074b7d724abf5ad0bc4b49657b9f8?s=96&d=mm&r=g","url":"https:\/\/secure.gravatar.com\/avatar\/3a21ed637fec367b08a32ea051a22acfc0c074b7d724abf5ad0bc4b49657b9f8?s=96&d=mm&r=g","contentUrl":"https:\/\/secure.gravatar.com\/avatar\/3a21ed637fec367b08a32ea051a22acfc0c074b7d724abf5ad0bc4b49657b9f8?s=96&d=mm&r=g","caption":"admin"},"sameAs":["https:\/\/prusalab.cz"],"url":"https:\/\/prusalab.cz\/en\/author\/admin\/"}]}},"_links":{"self":[{"href":"https:\/\/prusalab.cz\/en\/wp-json\/wp\/v2\/posts\/25911","targetHints":{"allow":["GET"]}}],"collection":[{"href":"https:\/\/prusalab.cz\/en\/wp-json\/wp\/v2\/posts"}],"about":[{"href":"https:\/\/prusalab.cz\/en\/wp-json\/wp\/v2\/types\/post"}],"author":[{"embeddable":true,"href":"https:\/\/prusalab.cz\/en\/wp-json\/wp\/v2\/users\/1"}],"replies":[{"embeddable":true,"href":"https:\/\/prusalab.cz\/en\/wp-json\/wp\/v2\/comments?post=25911"}],"version-history":[{"count":0,"href":"https:\/\/prusalab.cz\/en\/wp-json\/wp\/v2\/posts\/25911\/revisions"}],"wp:featuredmedia":[{"embeddable":true,"href":"https:\/\/prusalab.cz\/en\/wp-json\/wp\/v2\/media\/13729"}],"wp:attachment":[{"href":"https:\/\/prusalab.cz\/en\/wp-json\/wp\/v2\/media?parent=25911"}],"wp:term":[{"taxonomy":"category","embeddable":true,"href":"https:\/\/prusalab.cz\/en\/wp-json\/wp\/v2\/categories?post=25911"},{"taxonomy":"post_tag","embeddable":true,"href":"https:\/\/prusalab.cz\/en\/wp-json\/wp\/v2\/tags?post=25911"}],"curies":[{"name":"wp","href":"https:\/\/api.w.org\/{rel}","templated":true}]}}